{"id":26166,"date":"2022-07-29T12:07:26","date_gmt":"2022-07-29T16:07:26","guid":{"rendered":"http:\/\/elradar.info\/?p=26166"},"modified":"2024-02-01T12:16:33","modified_gmt":"2024-02-01T16:16:33","slug":"el-senamhi-lanzo-una-alerta-naranja-por-bajas-temperaturas","status":"publish","type":"post","link":"https:\/\/elradar.info\/?p=26166","title":{"rendered":"<strong>El SENAMHI lanz\u00f3 una alerta naranja por bajas temperaturas<\/strong>"},"content":{"rendered":"\n<p>El Servicio Nacional de Meteorolog\u00eda e Hidrolog\u00eda public\u00f3 una alerta meteorol\u00f3gica por un frente fr\u00edo que ingres\u00f3 al territorio boliviano, el mismo que ocasionar\u00e1 descensos de temperatura de entre 6 y 10 grados desde hoy hasta el s\u00e1bado 30 de julio.<\/p>\n\n\n\n<p>Departamento de Tarija: las Provincias: Gran Chaco, O&#8217;Connor y el sector este de la provincia Aniceto Arce.<\/p>\n\n\n\n<p>Departamento de Santa Cruz: Andr\u00e9s Ib\u00e1\u00f1ez, Warnes, Ichilo, Sara, Santiesteban, Chiquitos, Guarayos, \u00d1uflo de Ch\u00e1vez, Velasco, \u00c1ngel Sandoval, Germ\u00e1n Busch, Cordillera, Vallegrande, Caballero y Florida.<\/p>\n\n\n\n<p>Departamento de Chuquisaca: Luis Calvo, Hernando Siles, Belisario Boeto y Tomina.<\/p>\n\n\n\n<p>Departamento de Beni: Marban, Moxos, Cercado, Sur de Yacuma y Ballivi\u00e1n.<\/p>\n\n\n\n<p>Departamento de Cochabamba: Al Noreste de las Provincias Carrasco y Chapare.<\/p>\n\n\n\n<p>El pron\u00f3stico del tiempo, las temperaturas m\u00e1s bajas, para la ciudad de La Paz oscilar\u00e1n entre los 3 y 6 grados en los pr\u00f3ximos cuatro d\u00edas, para la ciudad de El Alto, las m\u00e1s bajas ser\u00e1n de entre -4 y -5 grados.<\/p>\n","protected":false},"excerpt":{"rendered":"<p>El Servicio Nacional de Meteorolog\u00eda e Hidrolog\u00eda public\u00f3 una alerta meteorol\u00f3gica por un frente fr\u00edo que ingres\u00f3 al territorio boliviano, el mismo que ocasionar\u00e1 descensos de temperatura de entre 6 y 10 grados desde hoy hasta el s\u00e1bado 30 de julio. Departamento de Tarija: las Provincias: Gran Chaco, O&#8217;Connor y el sector este de la provincia Aniceto Arce. Departamento de Santa Cruz: Andr\u00e9s Ib\u00e1\u00f1ez, Warnes, Ichilo, Sara, Santiesteban, Chiquitos, Guarayos, \u00d1uflo de Ch\u00e1vez, Velasco, \u00c1ngel Sandoval, Germ\u00e1n Busch, Cordillera, Vallegrande, Caballero y Florida. Departamento de Chuquisaca: Luis Calvo, Hernando Siles, Belisario Boeto y Tomina. Departamento de Beni: Marban, Moxos, Cercado,<\/p>\n","protected":false},"author":2,"featured_media":26168,"comment_status":"closed","ping_status":"open","sticky":false,"template":"","format":"standard","meta":{"_seopress_robots_primary_cat":"none","_seopress_titles_title":"","_seopress_titles_desc":"","_seopress_robots_index":"","_jetpack_memberships_contains_paid_content":false,"footnotes":""},"categories":[103],"tags":[2230,2227,109,1116,2228],"class_list":["post-26166","post","type-post","status-publish","format-standard","has-post-thumbnail","hentry","category-nacional","tag-alerta-naranja","tag-bajas-temperaturas","tag-bolivia","tag-senamhi","tag-servicio-nacional-de-meteorologia-e-hidrologia"],"jetpack_featured_media_url":"https:\/\/elradar.info\/wp-content\/uploads\/2022\/07\/FRENTE-FOTO.jpg","jetpack_sharing_enabled":true,"amp_enabled":true,"_links":{"self":[{"href":"https:\/\/elradar.info\/index.php?rest_route=\/wp\/v2\/posts\/26166","targetHints":{"allow":["GET"]}}],"collection":[{"href":"https:\/\/elradar.info\/index.php?rest_route=\/wp\/v2\/posts"}],"about":[{"href":"https:\/\/elradar.info\/index.php?rest_route=\/wp\/v2\/types\/post"}],"author":[{"embeddable":true,"href":"https:\/\/elradar.info\/index.php?rest_route=\/wp\/v2\/users\/2"}],"replies":[{"embeddable":true,"href":"https:\/\/elradar.info\/index.php?rest_route=%2Fwp%2Fv2%2Fcomments&post=26166"}],"version-history":[{"count":1,"href":"https:\/\/elradar.info\/index.php?rest_route=\/wp\/v2\/posts\/26166\/revisions"}],"predecessor-version":[{"id":26169,"href":"https:\/\/elradar.info\/index.php?rest_route=\/wp\/v2\/posts\/26166\/revisions\/26169"}],"wp:featuredmedia":[{"embeddable":true,"href":"https:\/\/elradar.info\/index.php?rest_route=\/wp\/v2\/media\/26168"}],"wp:attachment":[{"href":"https:\/\/elradar.info\/index.php?rest_route=%2Fwp%2Fv2%2Fmedia&parent=26166"}],"wp:term":[{"taxonomy":"category","embeddable":true,"href":"https:\/\/elradar.info\/index.php?rest_route=%2Fwp%2Fv2%2Fcategories&post=26166"},{"taxonomy":"post_tag","embeddable":true,"href":"https:\/\/elradar.info\/index.php?rest_route=%2Fwp%2Fv2%2Ftags&post=26166"}],"curies":[{"name":"wp","href":"https:\/\/api.w.org\/{rel}","templated":true}]}}