{"id":26213,"date":"2022-08-01T11:01:13","date_gmt":"2022-08-01T15:01:13","guid":{"rendered":"http:\/\/elradar.info\/?p=26213"},"modified":"2024-02-01T12:16:33","modified_gmt":"2024-02-01T16:16:33","slug":"luis-fernando-camacho-fue-rechazado-y-agredido-por-los-gremialistas-del-mercado-mutualista","status":"publish","type":"post","link":"https:\/\/elradar.info\/?p=26213","title":{"rendered":"<strong>Luis Fernando Camacho fue rechazado y agredido por los gremialistas del mercado Mutualista<\/strong>"},"content":{"rendered":"\n<p>El gobernador de Santa Cruz, Fernando Camacho, fue expulsado y agredido por los vecinos y gremialistas del mercado Mutualista la madrugada de este lunes, donde se registr\u00f3 un incendio que afect\u00f3 varias casetas.<\/p>\n\n\n\n<p>Camacho lleg\u00f3 acompa\u00f1ado a horas 01:30 de la madrugada junto a su equipo de seguridad, en el tercer anillo, pero fue obligado a retirarse a empujones e insultos por todos los afectados en el incendio.<\/p>\n\n\n\n<p>Durante el recorrido de su comitiva, les lanzaron algunos objetos. Los miembros de su seguridad agredieron a los vecinos y vendedores que le recordaron el golpe de 2019 y el paro c\u00edvico del 25 de julio que no les permiti\u00f3 desarrollar sus actividades econ\u00f3micas con normalidad.<\/p>\n\n\n\n<figure class=\"wp-block-video aligncenter\"><video controls src=\"https:\/\/elradar.info\/wp-content\/uploads\/2022\/08\/297038899_794532761701894_1781866807619074086_n.mp4\"><\/video><\/figure>\n","protected":false},"excerpt":{"rendered":"<p>El gobernador de Santa Cruz, Fernando Camacho, fue expulsado y agredido por los vecinos y gremialistas del mercado Mutualista la madrugada de este lunes, donde se registr\u00f3 un incendio que afect\u00f3 varias casetas. Camacho lleg\u00f3 acompa\u00f1ado a horas 01:30 de la madrugada junto a su equipo de seguridad, en el tercer anillo, pero fue obligado a retirarse a empujones e insultos por todos los afectados en el incendio. Durante el recorrido de su comitiva, les lanzaron algunos objetos. Los miembros de su seguridad agredieron a los vecinos y vendedores que le recordaron el golpe de 2019 y el paro c\u00edvico<\/p>\n","protected":false},"author":2,"featured_media":26218,"comment_status":"closed","ping_status":"open","sticky":false,"template":"","format":"standard","meta":{"_seopress_robots_primary_cat":"none","_seopress_titles_title":"","_seopress_titles_desc":"","_seopress_robots_index":"","_jetpack_memberships_contains_paid_content":false,"footnotes":""},"categories":[103],"tags":[3339,3338,109,3340,235,3341,3337,167],"class_list":["post-26213","post","type-post","status-publish","format-standard","has-post-thumbnail","hentry","category-nacional","tag-abucheado","tag-agredido","tag-bolivia","tag-gremialistas","tag-luis-fernando-camacho","tag-mercado-mutualista","tag-rechazado","tag-santa-cruz"],"jetpack_featured_media_url":"https:\/\/elradar.info\/wp-content\/uploads\/2022\/08\/Captura-de-pantalla-394.png","jetpack_sharing_enabled":true,"amp_enabled":true,"_links":{"self":[{"href":"https:\/\/elradar.info\/index.php?rest_route=\/wp\/v2\/posts\/26213","targetHints":{"allow":["GET"]}}],"collection":[{"href":"https:\/\/elradar.info\/index.php?rest_route=\/wp\/v2\/posts"}],"about":[{"href":"https:\/\/elradar.info\/index.php?rest_route=\/wp\/v2\/types\/post"}],"author":[{"embeddable":true,"href":"https:\/\/elradar.info\/index.php?rest_route=\/wp\/v2\/users\/2"}],"replies":[{"embeddable":true,"href":"https:\/\/elradar.info\/index.php?rest_route=%2Fwp%2Fv2%2Fcomments&post=26213"}],"version-history":[{"count":1,"href":"https:\/\/elradar.info\/index.php?rest_route=\/wp\/v2\/posts\/26213\/revisions"}],"predecessor-version":[{"id":26219,"href":"https:\/\/elradar.info\/index.php?rest_route=\/wp\/v2\/posts\/26213\/revisions\/26219"}],"wp:featuredmedia":[{"embeddable":true,"href":"https:\/\/elradar.info\/index.php?rest_route=\/wp\/v2\/media\/26218"}],"wp:attachment":[{"href":"https:\/\/elradar.info\/index.php?rest_route=%2Fwp%2Fv2%2Fmedia&parent=26213"}],"wp:term":[{"taxonomy":"category","embeddable":true,"href":"https:\/\/elradar.info\/index.php?rest_route=%2Fwp%2Fv2%2Fcategories&post=26213"},{"taxonomy":"post_tag","embeddable":true,"href":"https:\/\/elradar.info\/index.php?rest_route=%2Fwp%2Fv2%2Ftags&post=26213"}],"curies":[{"name":"wp","href":"https:\/\/api.w.org\/{rel}","templated":true}]}}