{"id":26224,"date":"2022-08-01T12:52:22","date_gmt":"2022-08-01T16:52:22","guid":{"rendered":"http:\/\/elradar.info\/?p=26224"},"modified":"2024-02-01T12:16:32","modified_gmt":"2024-02-01T16:16:32","slug":"camacho-ya-no-cuenta-con-apoyo-para-generar-confrontacion","status":"publish","type":"post","link":"https:\/\/elradar.info\/?p=26224","title":{"rendered":"<strong>Camacho ya no cuenta con apoyo para generar confrontaci\u00f3n<\/strong>"},"content":{"rendered":"\n<p>Pol\u00edticos coinciden en que Luis Fernando Camacho, lleg\u00f3 a su punto m\u00e1s bajo con un 9% de ejecuci\u00f3n de inversiones; ninguna obra. Por otro lado, en el tema del Censo, est\u00e1 aislado; peleado con el alcalde de Santa Cruz, Jhonny Fern\u00e1ndez y en desacuerdo con la Asociaci\u00f3n de Municipios de Santa Cruz (Amdecruz).<\/p>\n\n\n\n<p>El alcalde de Santa Cruz de la Sierra, Jhonny Fern\u00e1ndez, exhort\u00f3 al Comit\u00e9 C\u00edvico pro Santa Cruz a que \u201cno se meta en aspectos pol\u00edticos\u201d, y a que se abra a otros sectores, para que \u201ctodos los habitantes y los grupos corporativos\u201d sean representados.<\/p>\n\n\n\n<p>Amdecruz reiter\u00f3 que no acatar\u00e1 paros ni bloqueos y remarc\u00f3 que en la supuesta cumbre departamental en la que decidi\u00f3 las medidas,no estuvieron todos los alcaldes de los municipios, l\u00edderes de las provincias, transportistas, gremiales, campesinos y productores.<\/p>\n","protected":false},"excerpt":{"rendered":"<p>Pol\u00edticos coinciden en que Luis Fernando Camacho, lleg\u00f3 a su punto m\u00e1s bajo con un 9% de ejecuci\u00f3n de inversiones; ninguna obra. Por otro lado, en el tema del Censo, est\u00e1 aislado; peleado con el alcalde de Santa Cruz, Jhonny Fern\u00e1ndez y en desacuerdo con la Asociaci\u00f3n de Municipios de Santa Cruz (Amdecruz). El alcalde de Santa Cruz de la Sierra, Jhonny Fern\u00e1ndez, exhort\u00f3 al Comit\u00e9 C\u00edvico pro Santa Cruz a que \u201cno se meta en aspectos pol\u00edticos\u201d, y a que se abra a otros sectores, para que \u201ctodos los habitantes y los grupos corporativos\u201d sean representados. Amdecruz reiter\u00f3 que<\/p>\n","protected":false},"author":2,"featured_media":26226,"comment_status":"closed","ping_status":"open","sticky":false,"template":"","format":"standard","meta":{"_seopress_robots_primary_cat":"none","_seopress_titles_title":"","_seopress_titles_desc":"","_seopress_robots_index":"","_jetpack_memberships_contains_paid_content":false,"footnotes":""},"categories":[103],"tags":[870,871,109,394,1480,235],"class_list":["post-26224","post","type-post","status-publish","format-standard","has-post-thumbnail","hentry","category-nacional","tag-amdecruz","tag-asociacion-de-municipios-de-santa-cruz","tag-bolivia","tag-comite-civico-pro-santa-cruz","tag-jhonny-fernandez","tag-luis-fernando-camacho"],"jetpack_featured_media_url":"https:\/\/elradar.info\/wp-content\/uploads\/2022\/08\/luis-fernando-camacho-durante-su-inspeccin-en-el-mercado-mutuali_1146182790_760x520.png","jetpack_sharing_enabled":true,"amp_enabled":true,"_links":{"self":[{"href":"https:\/\/elradar.info\/index.php?rest_route=\/wp\/v2\/posts\/26224","targetHints":{"allow":["GET"]}}],"collection":[{"href":"https:\/\/elradar.info\/index.php?rest_route=\/wp\/v2\/posts"}],"about":[{"href":"https:\/\/elradar.info\/index.php?rest_route=\/wp\/v2\/types\/post"}],"author":[{"embeddable":true,"href":"https:\/\/elradar.info\/index.php?rest_route=\/wp\/v2\/users\/2"}],"replies":[{"embeddable":true,"href":"https:\/\/elradar.info\/index.php?rest_route=%2Fwp%2Fv2%2Fcomments&post=26224"}],"version-history":[{"count":1,"href":"https:\/\/elradar.info\/index.php?rest_route=\/wp\/v2\/posts\/26224\/revisions"}],"predecessor-version":[{"id":26227,"href":"https:\/\/elradar.info\/index.php?rest_route=\/wp\/v2\/posts\/26224\/revisions\/26227"}],"wp:featuredmedia":[{"embeddable":true,"href":"https:\/\/elradar.info\/index.php?rest_route=\/wp\/v2\/media\/26226"}],"wp:attachment":[{"href":"https:\/\/elradar.info\/index.php?rest_route=%2Fwp%2Fv2%2Fmedia&parent=26224"}],"wp:term":[{"taxonomy":"category","embeddable":true,"href":"https:\/\/elradar.info\/index.php?rest_route=%2Fwp%2Fv2%2Fcategories&post=26224"},{"taxonomy":"post_tag","embeddable":true,"href":"https:\/\/elradar.info\/index.php?rest_route=%2Fwp%2Fv2%2Ftags&post=26224"}],"curies":[{"name":"wp","href":"https:\/\/api.w.org\/{rel}","templated":true}]}}