{"id":26268,"date":"2022-08-02T13:14:53","date_gmt":"2022-08-02T17:14:53","guid":{"rendered":"http:\/\/elradar.info\/?p=26268"},"modified":"2024-02-01T12:16:32","modified_gmt":"2024-02-01T16:16:32","slug":"el-poder-economico-de-los-cocaleros-se-refleja-en-la-copa-evo","status":"publish","type":"post","link":"https:\/\/elradar.info\/?p=26268","title":{"rendered":"<strong>El poder econ\u00f3mico de los cocaleros se refleja en la Copa Evo<\/strong>"},"content":{"rendered":"\n<p>La Copa Evo muestra el poder econ\u00f3mico que tienen los cocaleros de las Seis Federaciones del Tr\u00f3pico de Cochabamba, debido al despliegue que requiere un campeonato sudamericano Sub-17 de f\u00fatbol como ser: material deportivo, gastos en hoteler\u00eda, alimentaci\u00f3n, mantenimiento de estadios, personal para atender los hospedajes y restaurantes, transporte interno y pasajes a\u00e9reos, para cuando llegan y se van los equipos, adem\u00e1s de facilidades para medios de comunicaci\u00f3n.<\/p>\n\n\n\n<p>El secretario de Deportes de las Seis Federaciones, Florencio Vallejos, afirm\u00f3 que el campeonato es financiado por los aportes de los afiliados. Detall\u00f3 que la organizaci\u00f3n del evento tiene un costo aproximado de 50.000 d\u00f3lares.<\/p>\n\n\n\n<p><em>\u201cEl evento, hasta el momento, est\u00e1 costando aproximadamente 50.000 d\u00f3lares, pero es en calidad de pr\u00e9stamo, porque vamos a reponer ese dinero con la venta de entradas. Aqu\u00ed nos est\u00e1n apoyando el sector transporte, hoteleros, empresarios y comerciantes, para abaratar costos\u201d<\/em>, sostuvo.<\/p>\n\n\n\n<p>El polit\u00f3logo Jos\u00e9 Orlando Peralta indic\u00f3 que la Copa Evo es la muestra del \u201cpoder econ\u00f3mico y pol\u00edtico\u201d que tienen los cocaleros del Chapare. Se\u00f1al\u00f3 que el sector es privilegiado porque es la base social del MAS y el presidente del partido, Evo Morales, es de esa regi\u00f3n.<\/p>\n\n\n\n<p><em>\u201cEllos con este campeonato muestran su poder econ\u00f3mico y tambi\u00e9n una ausencia de Estado, porque hay muchas cosas que se desconocen de esa regi\u00f3n. Otros sectores que podr\u00edan reunir 50.000 d\u00f3lares, no lo destinar\u00edan para un campeonato de f\u00fatbol, porque tienen otras necesidades. Con este evento los cocaleros muestran que les sobran 50.000 como para hacer un campeonato\u201d<\/em>, subray\u00f3.<\/p>\n","protected":false},"excerpt":{"rendered":"<p>La Copa Evo muestra el poder econ\u00f3mico que tienen los cocaleros de las Seis Federaciones del Tr\u00f3pico de Cochabamba, debido al despliegue que requiere un campeonato sudamericano Sub-17 de f\u00fatbol como ser: material deportivo, gastos en hoteler\u00eda, alimentaci\u00f3n, mantenimiento de estadios, personal para atender los hospedajes y restaurantes, transporte interno y pasajes a\u00e9reos, para cuando llegan y se van los equipos, adem\u00e1s de facilidades para medios de comunicaci\u00f3n. El secretario de Deportes de las Seis Federaciones, Florencio Vallejos, afirm\u00f3 que el campeonato es financiado por los aportes de los afiliados. Detall\u00f3 que la organizaci\u00f3n del evento tiene un costo aproximado<\/p>\n","protected":false},"author":2,"featured_media":26270,"comment_status":"closed","ping_status":"open","sticky":false,"template":"","format":"standard","meta":{"_seopress_robots_primary_cat":"none","_seopress_titles_title":"","_seopress_titles_desc":"","_seopress_robots_index":"","_jetpack_memberships_contains_paid_content":false,"footnotes":""},"categories":[103],"tags":[109,3368,3367,313,3364,3366,155,3365],"class_list":["post-26268","post","type-post","status-publish","format-standard","has-post-thumbnail","hentry","category-nacional","tag-bolivia","tag-campeonato","tag-cocaleros","tag-cochabamba","tag-copa-evo","tag-eis-federaciones-del-tropico-de-cochabamba","tag-evo-morales","tag-poder-economico"],"jetpack_featured_media_url":"https:\/\/elradar.info\/wp-content\/uploads\/2022\/08\/297012939_604057237755892_3043159796691633988_n.jpg","jetpack_sharing_enabled":true,"amp_enabled":true,"_links":{"self":[{"href":"https:\/\/elradar.info\/index.php?rest_route=\/wp\/v2\/posts\/26268","targetHints":{"allow":["GET"]}}],"collection":[{"href":"https:\/\/elradar.info\/index.php?rest_route=\/wp\/v2\/posts"}],"about":[{"href":"https:\/\/elradar.info\/index.php?rest_route=\/wp\/v2\/types\/post"}],"author":[{"embeddable":true,"href":"https:\/\/elradar.info\/index.php?rest_route=\/wp\/v2\/users\/2"}],"replies":[{"embeddable":true,"href":"https:\/\/elradar.info\/index.php?rest_route=%2Fwp%2Fv2%2Fcomments&post=26268"}],"version-history":[{"count":1,"href":"https:\/\/elradar.info\/index.php?rest_route=\/wp\/v2\/posts\/26268\/revisions"}],"predecessor-version":[{"id":26271,"href":"https:\/\/elradar.info\/index.php?rest_route=\/wp\/v2\/posts\/26268\/revisions\/26271"}],"wp:featuredmedia":[{"embeddable":true,"href":"https:\/\/elradar.info\/index.php?rest_route=\/wp\/v2\/media\/26270"}],"wp:attachment":[{"href":"https:\/\/elradar.info\/index.php?rest_route=%2Fwp%2Fv2%2Fmedia&parent=26268"}],"wp:term":[{"taxonomy":"category","embeddable":true,"href":"https:\/\/elradar.info\/index.php?rest_route=%2Fwp%2Fv2%2Fcategories&post=26268"},{"taxonomy":"post_tag","embeddable":true,"href":"https:\/\/elradar.info\/index.php?rest_route=%2Fwp%2Fv2%2Ftags&post=26268"}],"curies":[{"name":"wp","href":"https:\/\/api.w.org\/{rel}","templated":true}]}}