{"id":26374,"date":"2022-08-04T15:21:52","date_gmt":"2022-08-04T19:21:52","guid":{"rendered":"http:\/\/elradar.info\/?p=26374"},"modified":"2024-02-01T12:16:30","modified_gmt":"2024-02-01T16:16:30","slug":"bonny-lovy-genera-conflicto-laboral-por-un-comentario-en-facebook","status":"publish","type":"post","link":"https:\/\/elradar.info\/?p=26374","title":{"rendered":"<strong>Bonny Lovy genera conflicto laboral por un comentario en Facebook<\/strong>"},"content":{"rendered":"\n<p>Un comentario en una publicaci\u00f3n de un medio de prensa sobre el reciente anuncio de una nueva versi\u00f3n de \u201cViva Mi Patria Bolivia\u201d realizada por el cantante Bonny Lovy se hizo viral debido a la llamada de atenci\u00f3n que recibi\u00f3 el fan\u00e1tico de parte de su jefe.<\/p>\n\n\n\n<p>El afectado fue increpado por supuestamente publicar el respaldo al cantante en horario laboral. <em>\u201dEl Bonny, como siempre rompi\u00e9ndola, adelante\u201d<\/em>, coment\u00f3 en la red social el seguidor del artista boliviano.<\/p>\n\n\n\n<p>La respuesta del jefe laboral no se dej\u00f3 esperar:<em> \u201cIngeniero, el horario de trabajo es hasta las 6 de la tarde. Por favor evite entrar al Facebook en horarios laborales. El informe, ingeniero, del balance, por favor h\u00e1game llegar\u201d<\/em>, escribi\u00f3 en la misma red social.<\/p>\n\n\n\n<p>El artista tom\u00f3 una captura de los comentarios y respondi\u00f3: <em>\u201cEsperemos hasta las 6 para que responda&#8230; Gracias Campe\u00f3n\u201d.<\/em><\/p>\n\n\n\n<p>Agradecido, el fan respondi\u00f3 nuevamente a la publicaci\u00f3n del cantante diciendo: <em>\u201cQuerido Bonny Lovy, te agradezco de coraz\u00f3n que te tomaras un poco de tu tiempo para saludar y sobre todo de tu preocupaci\u00f3n hacia mi persona. A Dios gracias se solucion\u00f3 todo, as\u00ed que sigo laburando todav\u00eda y con m\u00e1s ganas que nunca, aqu\u00ed en la oficina la estamos pas\u00e1ndola bien, pas\u00e1ndola nice&#8230; grande Bonny Lovy, siga cosechando \u00e9xitos para nuestra amada Bolivia\u201d.<\/em><\/p>\n\n\n<div class=\"wp-block-image\">\n<figure class=\"aligncenter size-large\"><img loading=\"lazy\" decoding=\"async\" width=\"489\" height=\"1024\" src=\"https:\/\/elradar.info\/wp-content\/uploads\/2022\/08\/296565356_609458440536158_6513682828711883956_n-489x1024.jpg\" alt=\"\" class=\"wp-image-26376\" srcset=\"https:\/\/elradar.info\/wp-content\/uploads\/2022\/08\/296565356_609458440536158_6513682828711883956_n-489x1024.jpg 489w, https:\/\/elradar.info\/wp-content\/uploads\/2022\/08\/296565356_609458440536158_6513682828711883956_n-143x300.jpg 143w, https:\/\/elradar.info\/wp-content\/uploads\/2022\/08\/296565356_609458440536158_6513682828711883956_n-480x1006.jpg 480w, https:\/\/elradar.info\/wp-content\/uploads\/2022\/08\/296565356_609458440536158_6513682828711883956_n.jpg 720w\" sizes=\"auto, (max-width: 489px) 100vw, 489px\" \/><\/figure><\/div>","protected":false},"excerpt":{"rendered":"<p>Un comentario en una publicaci\u00f3n de un medio de prensa sobre el reciente anuncio de una nueva versi\u00f3n de \u201cViva Mi Patria Bolivia\u201d realizada por el cantante Bonny Lovy se hizo viral debido a la llamada de atenci\u00f3n que recibi\u00f3 el fan\u00e1tico de parte de su jefe. El afectado fue increpado por supuestamente publicar el respaldo al cantante en horario laboral. \u201dEl Bonny, como siempre rompi\u00e9ndola, adelante\u201d, coment\u00f3 en la red social el seguidor del artista boliviano. La respuesta del jefe laboral no se dej\u00f3 esperar: \u201cIngeniero, el horario de trabajo es hasta las 6 de la tarde. Por favor<\/p>\n","protected":false},"author":2,"featured_media":26377,"comment_status":"closed","ping_status":"open","sticky":false,"template":"","format":"standard","meta":{"_seopress_robots_primary_cat":"none","_seopress_titles_title":"","_seopress_titles_desc":"","_seopress_robots_index":"","_jetpack_memberships_contains_paid_content":false,"footnotes":""},"categories":[103],"tags":[109,3446,3449,3447,2381,1958,3448],"class_list":["post-26374","post","type-post","status-publish","format-standard","has-post-thumbnail","hentry","category-nacional","tag-bolivia","tag-bonny-lovy","tag-comentario","tag-conflicto-laboral","tag-redes-sociales","tag-viral","tag-viva-mi-patria-bolivia"],"jetpack_featured_media_url":"https:\/\/elradar.info\/wp-content\/uploads\/2022\/08\/e6954d2ef791b1a193a016d3132e7703.webp","jetpack_sharing_enabled":true,"amp_enabled":true,"_links":{"self":[{"href":"https:\/\/elradar.info\/index.php?rest_route=\/wp\/v2\/posts\/26374","targetHints":{"allow":["GET"]}}],"collection":[{"href":"https:\/\/elradar.info\/index.php?rest_route=\/wp\/v2\/posts"}],"about":[{"href":"https:\/\/elradar.info\/index.php?rest_route=\/wp\/v2\/types\/post"}],"author":[{"embeddable":true,"href":"https:\/\/elradar.info\/index.php?rest_route=\/wp\/v2\/users\/2"}],"replies":[{"embeddable":true,"href":"https:\/\/elradar.info\/index.php?rest_route=%2Fwp%2Fv2%2Fcomments&post=26374"}],"version-history":[{"count":1,"href":"https:\/\/elradar.info\/index.php?rest_route=\/wp\/v2\/posts\/26374\/revisions"}],"predecessor-version":[{"id":26378,"href":"https:\/\/elradar.info\/index.php?rest_route=\/wp\/v2\/posts\/26374\/revisions\/26378"}],"wp:featuredmedia":[{"embeddable":true,"href":"https:\/\/elradar.info\/index.php?rest_route=\/wp\/v2\/media\/26377"}],"wp:attachment":[{"href":"https:\/\/elradar.info\/index.php?rest_route=%2Fwp%2Fv2%2Fmedia&parent=26374"}],"wp:term":[{"taxonomy":"category","embeddable":true,"href":"https:\/\/elradar.info\/index.php?rest_route=%2Fwp%2Fv2%2Fcategories&post=26374"},{"taxonomy":"post_tag","embeddable":true,"href":"https:\/\/elradar.info\/index.php?rest_route=%2Fwp%2Fv2%2Ftags&post=26374"}],"curies":[{"name":"wp","href":"https:\/\/api.w.org\/{rel}","templated":true}]}}