{"id":26395,"date":"2022-08-04T17:21:48","date_gmt":"2022-08-04T21:21:48","guid":{"rendered":"http:\/\/elradar.info\/?p=26395"},"modified":"2024-02-01T12:16:29","modified_gmt":"2024-02-01T16:16:29","slug":"se-desmiente-supuesto-fallecido-en-desbloqueo-de-ruta-a-la-chiquitania","status":"publish","type":"post","link":"https:\/\/elradar.info\/?p=26395","title":{"rendered":"<strong>Se desmiente supuesto fallecido en desbloqueo de ruta a la Chiquitan\u00eda<\/strong>"},"content":{"rendered":"\n<p>Movidos por el perjuicio que les ocasionan los bloqueos, comunarios de los siete pueblos que conforman la Central de Organizaciones de Pueblos Nativos Guarayos (COPNAG), liderados por Cirila Tapendaba, arribaron hoy, alrededor de las tres de la tarde, al punto de bloqueo en la ruta a la Chiquitan\u00eda, con el fin de despejar el tramo.<\/p>\n\n\n\n<p>En un pronunciamiento de emergencia sobre el conflicto, Cirila Tapendaba explic\u00f3: &#8220;<em>Tenemos que hacernos respetar en nuestra tierra, puesto que los bloqueadores ni siquiera son oriundos de Guarayos, y su petici\u00f3n de titulaci\u00f3n no es factible, tomando en cuenta que estas son \u00e1reas protegidas<\/em>&#8220;.<\/p>\n\n\n\n<p>Tras el enfrentamiento se registraron heridos de ambos bandos, sin embargo, ninguno de cuidado, por lo que se desmintieron los rumores de un hombre en coma o un supuesto fallecido, informaci\u00f3n que fue difundida por algunos medios de comunicaci\u00f3n. Al respecto, el Ministerio de Gobierno emiti\u00f3 un comunicado: \u201c<em>Comunicamos al pueblo boliviano que, la informaci\u00f3n vertida por el peri\u00f3dico El Deber, en el que se\u00f1alan que existir\u00eda \u2018un supuesto fallecido\u2019 en un punto de bloqueo en la provincia Guarayos de Santa Cruz, es falsa. Hasta el momento se encuentran 4 personas heridas, ninguna de gravedad<\/em>\u201d.<\/p>\n\n\n\n<p>Este 2022, el gobierno nacional espera entregar 150000 t\u00edtulos de tierras a productores, siendo que el a\u00f1o pasado entreg\u00f3 m\u00e1s de 40000, por lo que los bloqueos parecen tener otros fines.<\/p>\n\n\n<div class=\"wp-block-image\">\n<figure class=\"aligncenter size-large\"><img loading=\"lazy\" decoding=\"async\" width=\"1024\" height=\"1024\" src=\"https:\/\/elradar.info\/wp-content\/uploads\/2022\/08\/297513474_399399688953633_2921431258252917464_n-1024x1024.jpg\" alt=\"\" class=\"wp-image-26397\" srcset=\"https:\/\/elradar.info\/wp-content\/uploads\/2022\/08\/297513474_399399688953633_2921431258252917464_n-1024x1024.jpg 1024w, https:\/\/elradar.info\/wp-content\/uploads\/2022\/08\/297513474_399399688953633_2921431258252917464_n-300x300.jpg 300w, https:\/\/elradar.info\/wp-content\/uploads\/2022\/08\/297513474_399399688953633_2921431258252917464_n-150x150.jpg 150w, https:\/\/elradar.info\/wp-content\/uploads\/2022\/08\/297513474_399399688953633_2921431258252917464_n-768x768.jpg 768w, https:\/\/elradar.info\/wp-content\/uploads\/2022\/08\/297513474_399399688953633_2921431258252917464_n-1536x1536.jpg 1536w, https:\/\/elradar.info\/wp-content\/uploads\/2022\/08\/297513474_399399688953633_2921431258252917464_n-480x480.jpg 480w, https:\/\/elradar.info\/wp-content\/uploads\/2022\/08\/297513474_399399688953633_2921431258252917464_n.jpg 2000w\" sizes=\"auto, (max-width: 1024px) 100vw, 1024px\" \/><\/figure><\/div>","protected":false},"excerpt":{"rendered":"<p>Movidos por el perjuicio que les ocasionan los bloqueos, comunarios de los siete pueblos que conforman la Central de Organizaciones de Pueblos Nativos Guarayos (COPNAG), liderados por Cirila Tapendaba, arribaron hoy, alrededor de las tres de la tarde, al punto de bloqueo en la ruta a la Chiquitan\u00eda, con el fin de despejar el tramo. En un pronunciamiento de emergencia sobre el conflicto, Cirila Tapendaba explic\u00f3: &#8220;Tenemos que hacernos respetar en nuestra tierra, puesto que los bloqueadores ni siquiera son oriundos de Guarayos, y su petici\u00f3n de titulaci\u00f3n no es factible, tomando en cuenta que estas son \u00e1reas protegidas&#8220;. Tras<\/p>\n","protected":false},"author":2,"featured_media":26398,"comment_status":"closed","ping_status":"open","sticky":false,"template":"","format":"standard","meta":{"_seopress_robots_primary_cat":"none","_seopress_titles_title":"","_seopress_titles_desc":"","_seopress_robots_index":"","_jetpack_memberships_contains_paid_content":false,"footnotes":""},"categories":[103],"tags":[109,3459,1088,3460,3458,167],"class_list":["post-26395","post","type-post","status-publish","format-standard","has-post-thumbnail","hentry","category-nacional","tag-bolivia","tag-central-de-organizaciones-de-pueblos-nativos-guarayos","tag-chiquitania","tag-cirila-tapendaba","tag-desbloqueo","tag-santa-cruz"],"jetpack_featured_media_url":"https:\/\/elradar.info\/wp-content\/uploads\/2022\/08\/blqoueo_pailon.jpg","jetpack_sharing_enabled":true,"amp_enabled":true,"_links":{"self":[{"href":"https:\/\/elradar.info\/index.php?rest_route=\/wp\/v2\/posts\/26395","targetHints":{"allow":["GET"]}}],"collection":[{"href":"https:\/\/elradar.info\/index.php?rest_route=\/wp\/v2\/posts"}],"about":[{"href":"https:\/\/elradar.info\/index.php?rest_route=\/wp\/v2\/types\/post"}],"author":[{"embeddable":true,"href":"https:\/\/elradar.info\/index.php?rest_route=\/wp\/v2\/users\/2"}],"replies":[{"embeddable":true,"href":"https:\/\/elradar.info\/index.php?rest_route=%2Fwp%2Fv2%2Fcomments&post=26395"}],"version-history":[{"count":1,"href":"https:\/\/elradar.info\/index.php?rest_route=\/wp\/v2\/posts\/26395\/revisions"}],"predecessor-version":[{"id":26399,"href":"https:\/\/elradar.info\/index.php?rest_route=\/wp\/v2\/posts\/26395\/revisions\/26399"}],"wp:featuredmedia":[{"embeddable":true,"href":"https:\/\/elradar.info\/index.php?rest_route=\/wp\/v2\/media\/26398"}],"wp:attachment":[{"href":"https:\/\/elradar.info\/index.php?rest_route=%2Fwp%2Fv2%2Fmedia&parent=26395"}],"wp:term":[{"taxonomy":"category","embeddable":true,"href":"https:\/\/elradar.info\/index.php?rest_route=%2Fwp%2Fv2%2Fcategories&post=26395"},{"taxonomy":"post_tag","embeddable":true,"href":"https:\/\/elradar.info\/index.php?rest_route=%2Fwp%2Fv2%2Ftags&post=26395"}],"curies":[{"name":"wp","href":"https:\/\/api.w.org\/{rel}","templated":true}]}}