{"id":26460,"date":"2022-08-08T10:38:25","date_gmt":"2022-08-08T14:38:25","guid":{"rendered":"http:\/\/elradar.info\/?p=26460"},"modified":"2024-02-01T12:16:28","modified_gmt":"2024-02-01T16:16:28","slug":"santa-cruz-redes-sociales-muestran-desbloqueos-pacificos-y-ciudadanos-acudiendo-a-sus-fuentes-de-trabajo","status":"publish","type":"post","link":"https:\/\/elradar.info\/?p=26460","title":{"rendered":"<strong>Santa Cruz: Redes sociales muestran desbloqueos pac\u00edficos y ciudadanos acudiendo a sus fuentes de trabajo<\/strong>"},"content":{"rendered":"\n<p>Pese a que algunos medios de comunicaci\u00f3n describen al paro de hoy en Santa Cruz como contundente, a trav\u00e9s de las redes sociales circulan una gran cantidad de videos mostrando a vecinos y transe\u00fantes desbloqueando varios puntos para poder salir a trabajar.<\/p>\n\n\n\n<p>Quitando cadenas que obstruyen las v\u00edas y otros elementos que bloquean las carreteras, im\u00e1genes que circulan en las redes muestran a ciudadanos que, de forma pac\u00edfica, se muestran contrarios al paro convocado por Luis Fernando Camacho y el Comit\u00e9 C\u00edvico.<\/p>\n\n\n\n<p>En declaraciones a los medios de comunicaci\u00f3n, el ministro Eduardo Del Castillo explic\u00f3 que casi 56 municipios de Santa Cruz rechazaron ir al paro y desarrollan sus actividades con normalidad. Tambi\u00e9n se refiri\u00f3 a que varios sectores, como los gremiales y transportistas, expresaron que no acatar\u00e1n el paro:<\/p>\n\n\n\n<p>\u201c<em>Como Gobierno Nacional vamos a generar las condiciones materiales para que el transporte p\u00fablico y el pueblo cruce\u00f1o puedan acudir a sus fuentes laborales con normalidad<\/em>\u201d, finaliz\u00f3 Del Castillo.<\/p>\n","protected":false},"excerpt":{"rendered":"<p>Pese a que algunos medios de comunicaci\u00f3n describen al paro de hoy en Santa Cruz como contundente, a trav\u00e9s de las redes sociales circulan una gran cantidad de videos mostrando a vecinos y transe\u00fantes desbloqueando varios puntos para poder salir a trabajar. Quitando cadenas que obstruyen las v\u00edas y otros elementos que bloquean las carreteras, im\u00e1genes que circulan en las redes muestran a ciudadanos que, de forma pac\u00edfica, se muestran contrarios al paro convocado por Luis Fernando Camacho y el Comit\u00e9 C\u00edvico. En declaraciones a los medios de comunicaci\u00f3n, el ministro Eduardo Del Castillo explic\u00f3 que casi 56 municipios de<\/p>\n","protected":false},"author":2,"featured_media":26462,"comment_status":"closed","ping_status":"open","sticky":false,"template":"","format":"standard","meta":{"_seopress_robots_primary_cat":"none","_seopress_titles_title":"","_seopress_titles_desc":"","_seopress_robots_index":"","_jetpack_memberships_contains_paid_content":false,"footnotes":""},"categories":[103],"tags":[109,394,3492,129,235,2848,393,167],"class_list":["post-26460","post","type-post","status-publish","format-standard","has-post-thumbnail","hentry","category-nacional","tag-bolivia","tag-comite-civico-pro-santa-cruz","tag-desbloqueos-pacificos","tag-eduardo-del-castillo","tag-luis-fernando-camacho","tag-normalidad","tag-paro","tag-santa-cruz"],"jetpack_featured_media_url":"https:\/\/elradar.info\/wp-content\/uploads\/2022\/08\/298284776_10158546548296400_8483246481574355811_n.jpg","jetpack_sharing_enabled":true,"amp_enabled":true,"_links":{"self":[{"href":"https:\/\/elradar.info\/index.php?rest_route=\/wp\/v2\/posts\/26460","targetHints":{"allow":["GET"]}}],"collection":[{"href":"https:\/\/elradar.info\/index.php?rest_route=\/wp\/v2\/posts"}],"about":[{"href":"https:\/\/elradar.info\/index.php?rest_route=\/wp\/v2\/types\/post"}],"author":[{"embeddable":true,"href":"https:\/\/elradar.info\/index.php?rest_route=\/wp\/v2\/users\/2"}],"replies":[{"embeddable":true,"href":"https:\/\/elradar.info\/index.php?rest_route=%2Fwp%2Fv2%2Fcomments&post=26460"}],"version-history":[{"count":1,"href":"https:\/\/elradar.info\/index.php?rest_route=\/wp\/v2\/posts\/26460\/revisions"}],"predecessor-version":[{"id":26463,"href":"https:\/\/elradar.info\/index.php?rest_route=\/wp\/v2\/posts\/26460\/revisions\/26463"}],"wp:featuredmedia":[{"embeddable":true,"href":"https:\/\/elradar.info\/index.php?rest_route=\/wp\/v2\/media\/26462"}],"wp:attachment":[{"href":"https:\/\/elradar.info\/index.php?rest_route=%2Fwp%2Fv2%2Fmedia&parent=26460"}],"wp:term":[{"taxonomy":"category","embeddable":true,"href":"https:\/\/elradar.info\/index.php?rest_route=%2Fwp%2Fv2%2Fcategories&post=26460"},{"taxonomy":"post_tag","embeddable":true,"href":"https:\/\/elradar.info\/index.php?rest_route=%2Fwp%2Fv2%2Ftags&post=26460"}],"curies":[{"name":"wp","href":"https:\/\/api.w.org\/{rel}","templated":true}]}}