{"id":26473,"date":"2022-08-08T12:21:46","date_gmt":"2022-08-08T16:21:46","guid":{"rendered":"http:\/\/elradar.info\/?p=26473"},"modified":"2024-02-01T12:16:06","modified_gmt":"2024-02-01T16:16:06","slug":"conozca-las-medidas-que-se-pusieron-en-marcha-desde-octubre-de-2020-para-reactivar-y-reconstruir-la-economia-en-bolivia","status":"publish","type":"post","link":"https:\/\/elradar.info\/?p=26473","title":{"rendered":"<strong>Conozca las medidas que se pusieron en marcha desde octubre de 2020, para reactivar y reconstruir la econom\u00eda en Bolivia<\/strong>"},"content":{"rendered":"\n<p>El Proceso de Cambio puso en marcha el Modelo Econ\u00f3mico Social Comunitario Productivo que defini\u00f3 de forma soberana la pol\u00edtica econ\u00f3mica y demostr\u00f3 que los bolivianos son capaces de transformar y obtener grandes logros.&nbsp;<\/p>\n\n\n\n<p>Sin embargo, todos los avances en materia econ\u00f3mica y social se vieron interrumpidos en 2019 bajo el gobierno de Jeanine \u00c1\u00f1ez. Por ejemplo, la pobreza aument\u00f3 a 39%, la pobreza extrema a 14% y la desigualdad se increment\u00f3 a 0,45, el pa\u00eds sufri\u00f3 una contracci\u00f3n econ\u00f3mica del 9%, cifra no vista desde 1953.<\/p>\n\n\n\n<p>El presidente Luis Arce Catacora, en su mensaje por el 197 a\u00f1os de la independencia de Bolivia, destac\u00f3 que el pa\u00eds retorn\u00f3 a la senda de la estabilidad y el crecimiento econ\u00f3mico con justicia social.<\/p>\n\n\n\n<p>El mandatario inform\u00f3 que se dise\u00f1aron varias medidas de pol\u00edtica econ\u00f3mica con el objetivo de reconstruir la econom\u00eda para luchar contra la pobreza y las desigualdades. Se hizo efectivo el Bono Contra el Hambre que benefici\u00f3 a m\u00e1s de 4 millones de bolivianos y encamin\u00f3 al pa\u00eds hacia la industrializaci\u00f3n con sustituci\u00f3n de importaciones.<\/p>\n\n\n\n<ul class=\"wp-block-list\"><li>Se cre\u00f3 el Fideicomiso de Apoyo a la Reactivaci\u00f3n de la Inversi\u00f3n P\u00fablica (FARIP) por Bs 2.000 millones para otorgar cr\u00e9ditos a las entidades territoriales aut\u00f3nomas. Hasta el momento se han ejecutado Bs 904 millones que benefician a 218 proyectos.&nbsp;<\/li><li>Se cre\u00f3 el Fondo Concursable de Inversi\u00f3n P\u00fablica Productiva (Focipp) con un monto de Bs 1.500 millones para gobiernos aut\u00f3nomos municipales e ind\u00edgena originario campesinos. Ya se comprometi\u00f3 Bs 80,5 millones.<\/li><li>Se lanz\u00f3 el Programa Nacional de Emergencia para la Generaci\u00f3n de Empleo, por $us 100 millones para financiar proyectos de infraestructura urbana y rural de peque\u00f1a escala.<\/li><li>Se aprob\u00f3 el Ajuste y Distribuci\u00f3n Inversamente Proporcional para las Rentas en curso de pago del Sistema de Reparto, que implica un incremento para m\u00e1s de 80 mil personas que perciben rentas de vejez, invalidez y riesgos profesionales.&nbsp;<\/li><li>Se estableci\u00f3 el R\u00e9gimen de Reintegro en Efectivo del Impuesto al Valor Agregado (Re-IVA), que reembolsa por el 5 % del valor de la factura. Hasta la fecha, se devolvi\u00f3 Bs 20 millones a m\u00e1s de 67.000 beneficiarios.<\/li><li>Se aprob\u00f3 la Ley 1448 de facilidades para el cumplimiento de obligaciones tributarias, que ampl\u00eda el plazo del arrepentimiento eficaz, reduce multas y establece que los profesionales independientes pasen a cumplir sus obligaciones tributarias en el RC-IVA.<\/li><li>Se crearon los cr\u00e9ditos S\u00cdBOLIVIA, que se otorgan a una tasa de inter\u00e9s de 0,5 %, la m\u00e1s baja del mercado. Se desembols\u00f3 Bs 1.150 millones en beneficio de m\u00e1s de 8.500 productores de todo el pa\u00eds.<\/li><li>Se decidi\u00f3 exencionar el Impuesto al Valor Agregado y aplicar tasa cero a las ventas en mercado interno para los bienes de capital, medida que permiti\u00f3 importar por Bs 2.548 millones y, en t\u00e9rminos de facturaci\u00f3n, por Bs 986 millones.<\/li><li>Se restablecieron los l\u00edmites para cr\u00e9ditos de vivienda social beneficiando a m\u00e1s de 91.900 familias, y tambi\u00e9n los cr\u00e9ditos productivos que llegaron a 772.122 productores.<\/li><\/ul>\n","protected":false},"excerpt":{"rendered":"<p>El Proceso de Cambio puso en marcha el Modelo Econ\u00f3mico Social Comunitario Productivo que defini\u00f3 de forma soberana la pol\u00edtica econ\u00f3mica y demostr\u00f3 que los bolivianos son capaces de transformar y obtener grandes logros.&nbsp; Sin embargo, todos los avances en materia econ\u00f3mica y social se vieron interrumpidos en 2019 bajo el gobierno de Jeanine \u00c1\u00f1ez. Por ejemplo, la pobreza aument\u00f3 a 39%, la pobreza extrema a 14% y la desigualdad se increment\u00f3 a 0,45, el pa\u00eds sufri\u00f3 una contracci\u00f3n econ\u00f3mica del 9%, cifra no vista desde 1953. El presidente Luis Arce Catacora, en su mensaje por el 197 a\u00f1os de<\/p>\n","protected":false},"author":2,"featured_media":26475,"comment_status":"closed","ping_status":"open","sticky":false,"template":"","format":"standard","meta":{"_seopress_robots_primary_cat":"none","_seopress_titles_title":"","_seopress_titles_desc":"","_seopress_robots_index":"","_jetpack_memberships_contains_paid_content":false,"footnotes":""},"categories":[200,103],"tags":[109,146,132,3496,2291,1281,510],"class_list":["post-26473","post","type-post","status-publish","format-standard","has-post-thumbnail","hentry","category-economia","category-nacional","tag-bolivia","tag-economia","tag-luis-arce","tag-medidas","tag-modelo-economico-social-comunitario-productivo","tag-proceso-de-cambio","tag-reactivacion-economica"],"jetpack_featured_media_url":"https:\/\/elradar.info\/wp-content\/uploads\/2022\/08\/5a38a0fa-370d-4d86-aaa7-4fe10031106c-1-1-1.jpg","jetpack_sharing_enabled":true,"amp_enabled":true,"_links":{"self":[{"href":"https:\/\/elradar.info\/index.php?rest_route=\/wp\/v2\/posts\/26473","targetHints":{"allow":["GET"]}}],"collection":[{"href":"https:\/\/elradar.info\/index.php?rest_route=\/wp\/v2\/posts"}],"about":[{"href":"https:\/\/elradar.info\/index.php?rest_route=\/wp\/v2\/types\/post"}],"author":[{"embeddable":true,"href":"https:\/\/elradar.info\/index.php?rest_route=\/wp\/v2\/users\/2"}],"replies":[{"embeddable":true,"href":"https:\/\/elradar.info\/index.php?rest_route=%2Fwp%2Fv2%2Fcomments&post=26473"}],"version-history":[{"count":1,"href":"https:\/\/elradar.info\/index.php?rest_route=\/wp\/v2\/posts\/26473\/revisions"}],"predecessor-version":[{"id":26476,"href":"https:\/\/elradar.info\/index.php?rest_route=\/wp\/v2\/posts\/26473\/revisions\/26476"}],"wp:featuredmedia":[{"embeddable":true,"href":"https:\/\/elradar.info\/index.php?rest_route=\/wp\/v2\/media\/26475"}],"wp:attachment":[{"href":"https:\/\/elradar.info\/index.php?rest_route=%2Fwp%2Fv2%2Fmedia&parent=26473"}],"wp:term":[{"taxonomy":"category","embeddable":true,"href":"https:\/\/elradar.info\/index.php?rest_route=%2Fwp%2Fv2%2Fcategories&post=26473"},{"taxonomy":"post_tag","embeddable":true,"href":"https:\/\/elradar.info\/index.php?rest_route=%2Fwp%2Fv2%2Ftags&post=26473"}],"curies":[{"name":"wp","href":"https:\/\/api.w.org\/{rel}","templated":true}]}}