{"id":26539,"date":"2022-08-09T13:04:20","date_gmt":"2022-08-09T17:04:20","guid":{"rendered":"http:\/\/elradar.info\/?p=26539"},"modified":"2024-02-01T12:16:05","modified_gmt":"2024-02-01T16:16:05","slug":"luzmila-carpio-ofrecera-un-concierto-en-la-fil","status":"publish","type":"post","link":"https:\/\/elradar.info\/?p=26539","title":{"rendered":"<strong>Luzmila Carpio ofrecer\u00e1 un concierto en la FIL<\/strong>"},"content":{"rendered":"\n<p>Hoy, la reconocida cantante Luzmila Carpio brindar\u00e1 un concierto en el auditorio Illimani de la Feria Internacional del Libro de La Paz (FIL). El mismo contar\u00e1 con canciones de su nueva producci\u00f3n llamada Inti watana (el retorno del sol).<\/p>\n\n\n\n<p>Carpio, int\u00e9rprete de charango, autora y compositora, se caracteriza por llegar a tonos muy altos en su canto, algo propio de las comunidades del norte de Potos\u00ed. En su mayor\u00eda, sus composiciones est\u00e1n cantadas en quechua y tienen una estrecha relaci\u00f3n con la naturaleza.<\/p>\n\n\n\n<p>A trav\u00e9s de sus redes sociales, la artista se refiri\u00f3 a esta presentaci\u00f3n:<em> \u201cQuerido p\u00fablico de La Paz, \u00bfest\u00e1n listos? Yo s\u00ed. No saben lo feliz que estoy de poder volver a nuestra imponente ciudad y cantar para ustedes, en avant premiere, este nuevo repertorio que compuse, dedicado al Tata Inti interior, el de sus corazones. Ya los extra\u00f1aba demasiado. Cantemos juntos por la Pacha Mama\u201d.<\/em><\/p>\n\n\n\n<p>El concierto, que cuenta con el auspicio del Ministerio de Culturas, Descolonizaci\u00f3n y Despatriarcalizaci\u00f3n, contar\u00e1 con la participaci\u00f3n del artista visual nacional, Sirio Alvante, quien acompa\u00f1ar\u00e1 con un espect\u00e1culo de luces la m\u00fasica de Carpio.&nbsp;<\/p>\n","protected":false},"excerpt":{"rendered":"<p>Hoy, la reconocida cantante Luzmila Carpio brindar\u00e1 un concierto en el auditorio Illimani de la Feria Internacional del Libro de La Paz (FIL). El mismo contar\u00e1 con canciones de su nueva producci\u00f3n llamada Inti watana (el retorno del sol). Carpio, int\u00e9rprete de charango, autora y compositora, se caracteriza por llegar a tonos muy altos en su canto, algo propio de las comunidades del norte de Potos\u00ed. En su mayor\u00eda, sus composiciones est\u00e1n cantadas en quechua y tienen una estrecha relaci\u00f3n con la naturaleza. A trav\u00e9s de sus redes sociales, la artista se refiri\u00f3 a esta presentaci\u00f3n: \u201cQuerido p\u00fablico de La<\/p>\n","protected":false},"author":2,"featured_media":26541,"comment_status":"closed","ping_status":"open","sticky":false,"template":"","format":"standard","meta":{"_seopress_robots_primary_cat":"none","_seopress_titles_title":"","_seopress_titles_desc":"","_seopress_robots_index":"","_jetpack_memberships_contains_paid_content":false,"footnotes":""},"categories":[127,103],"tags":[109,3529,293,3530,2869,3532],"class_list":["post-26539","post","type-post","status-publish","format-standard","has-post-thumbnail","hentry","category-cultura","category-nacional","tag-bolivia","tag-feria-internacional-del-libro-de-la-paz","tag-la-paz","tag-luzmila-carpio","tag-ministerio-de-culturas","tag-sirio-alvante"],"jetpack_featured_media_url":"https:\/\/elradar.info\/wp-content\/uploads\/2022\/08\/FOTO-LUZMILA-CARPIO-1.jpeg","jetpack_sharing_enabled":true,"amp_enabled":true,"_links":{"self":[{"href":"https:\/\/elradar.info\/index.php?rest_route=\/wp\/v2\/posts\/26539","targetHints":{"allow":["GET"]}}],"collection":[{"href":"https:\/\/elradar.info\/index.php?rest_route=\/wp\/v2\/posts"}],"about":[{"href":"https:\/\/elradar.info\/index.php?rest_route=\/wp\/v2\/types\/post"}],"author":[{"embeddable":true,"href":"https:\/\/elradar.info\/index.php?rest_route=\/wp\/v2\/users\/2"}],"replies":[{"embeddable":true,"href":"https:\/\/elradar.info\/index.php?rest_route=%2Fwp%2Fv2%2Fcomments&post=26539"}],"version-history":[{"count":1,"href":"https:\/\/elradar.info\/index.php?rest_route=\/wp\/v2\/posts\/26539\/revisions"}],"predecessor-version":[{"id":26542,"href":"https:\/\/elradar.info\/index.php?rest_route=\/wp\/v2\/posts\/26539\/revisions\/26542"}],"wp:featuredmedia":[{"embeddable":true,"href":"https:\/\/elradar.info\/index.php?rest_route=\/wp\/v2\/media\/26541"}],"wp:attachment":[{"href":"https:\/\/elradar.info\/index.php?rest_route=%2Fwp%2Fv2%2Fmedia&parent=26539"}],"wp:term":[{"taxonomy":"category","embeddable":true,"href":"https:\/\/elradar.info\/index.php?rest_route=%2Fwp%2Fv2%2Fcategories&post=26539"},{"taxonomy":"post_tag","embeddable":true,"href":"https:\/\/elradar.info\/index.php?rest_route=%2Fwp%2Fv2%2Ftags&post=26539"}],"curies":[{"name":"wp","href":"https:\/\/api.w.org\/{rel}","templated":true}]}}