{"id":26559,"date":"2022-08-09T17:54:13","date_gmt":"2022-08-09T21:54:13","guid":{"rendered":"http:\/\/elradar.info\/?p=26559"},"modified":"2024-02-01T12:16:04","modified_gmt":"2024-02-01T16:16:04","slug":"ante-el-fracaso-del-paro-romulo-calvo-dice-que-recurrira-a-otras-medidas","status":"publish","type":"post","link":"https:\/\/elradar.info\/?p=26559","title":{"rendered":"<strong>Ante el fracaso del paro, R\u00f3mulo Calvo dice que recurrir\u00e1 a otras medidas<\/strong>"},"content":{"rendered":"\n<p>El segundo d\u00eda de paro, convocado por Luis Fernando Camacho y el Comit\u00e9 C\u00edvico, fue un completo fracaso. No solo se vieron pocos puntos de bloqueo, sino que la actividad en mercados y transporte fue casi normal, esto tambi\u00e9n a causa de las bajas temperaturas registradas hoy en esa ciudad.<\/p>\n\n\n\n<p>En cuanto al departamento en general, al menos 50 de los 56 municipios manifestaron que no acatar\u00edan el paro, as\u00ed como el sector gremial y gran parte del transporte local y regional. Del mismo modo, la Asociaci\u00f3n de Juntas Vecinales, tambi\u00e9n rechaz\u00f3 la medida, al igual que lo hizo la Federaci\u00f3n Universitaria Local cruce\u00f1a.<\/p>\n\n\n\n<p>El alcalde de Santa Cruz, Jhonny Fern\u00e1ndez, que hab\u00eda declarado a los medios: \u201c<em>Olv\u00eddense con el paro conmigo, no va, yo no voy a apoyar un paro<\/em>\u201d, el d\u00eda de ayer hizo un comunicado en el que culp\u00f3 a Luis Fernando Camacho de los ataques contra su residencia, hecho que puso en peligro la integridad de su familia.<\/p>\n\n\n\n<p>En las \u00faltimas horas, ante el fracaso del paro, R\u00f3mulo Calvo dijo que se analizar\u00e1n nuevas medidas para hacer cumplir sus exigencias.<\/p>\n","protected":false},"excerpt":{"rendered":"<p>El segundo d\u00eda de paro, convocado por Luis Fernando Camacho y el Comit\u00e9 C\u00edvico, fue un completo fracaso. No solo se vieron pocos puntos de bloqueo, sino que la actividad en mercados y transporte fue casi normal, esto tambi\u00e9n a causa de las bajas temperaturas registradas hoy en esa ciudad. En cuanto al departamento en general, al menos 50 de los 56 municipios manifestaron que no acatar\u00edan el paro, as\u00ed como el sector gremial y gran parte del transporte local y regional. Del mismo modo, la Asociaci\u00f3n de Juntas Vecinales, tambi\u00e9n rechaz\u00f3 la medida, al igual que lo hizo la<\/p>\n","protected":false},"author":2,"featured_media":26561,"comment_status":"closed","ping_status":"open","sticky":false,"template":"","format":"standard","meta":{"_seopress_robots_primary_cat":"none","_seopress_titles_title":"","_seopress_titles_desc":"","_seopress_robots_index":"","_jetpack_memberships_contains_paid_content":false,"footnotes":""},"categories":[103],"tags":[109,394,532,235,3548,393,395,167],"class_list":["post-26559","post","type-post","status-publish","format-standard","has-post-thumbnail","hentry","category-nacional","tag-bolivia","tag-comite-civico-pro-santa-cruz","tag-fracaso","tag-luis-fernando-camacho","tag-nuevas-medidas","tag-paro","tag-romulo-calvo","tag-santa-cruz"],"jetpack_featured_media_url":"https:\/\/elradar.info\/wp-content\/uploads\/2022\/08\/Captura-de-pantalla-406.png","jetpack_sharing_enabled":true,"amp_enabled":true,"_links":{"self":[{"href":"https:\/\/elradar.info\/index.php?rest_route=\/wp\/v2\/posts\/26559","targetHints":{"allow":["GET"]}}],"collection":[{"href":"https:\/\/elradar.info\/index.php?rest_route=\/wp\/v2\/posts"}],"about":[{"href":"https:\/\/elradar.info\/index.php?rest_route=\/wp\/v2\/types\/post"}],"author":[{"embeddable":true,"href":"https:\/\/elradar.info\/index.php?rest_route=\/wp\/v2\/users\/2"}],"replies":[{"embeddable":true,"href":"https:\/\/elradar.info\/index.php?rest_route=%2Fwp%2Fv2%2Fcomments&post=26559"}],"version-history":[{"count":1,"href":"https:\/\/elradar.info\/index.php?rest_route=\/wp\/v2\/posts\/26559\/revisions"}],"predecessor-version":[{"id":26562,"href":"https:\/\/elradar.info\/index.php?rest_route=\/wp\/v2\/posts\/26559\/revisions\/26562"}],"wp:featuredmedia":[{"embeddable":true,"href":"https:\/\/elradar.info\/index.php?rest_route=\/wp\/v2\/media\/26561"}],"wp:attachment":[{"href":"https:\/\/elradar.info\/index.php?rest_route=%2Fwp%2Fv2%2Fmedia&parent=26559"}],"wp:term":[{"taxonomy":"category","embeddable":true,"href":"https:\/\/elradar.info\/index.php?rest_route=%2Fwp%2Fv2%2Fcategories&post=26559"},{"taxonomy":"post_tag","embeddable":true,"href":"https:\/\/elradar.info\/index.php?rest_route=%2Fwp%2Fv2%2Ftags&post=26559"}],"curies":[{"name":"wp","href":"https:\/\/api.w.org\/{rel}","templated":true}]}}