{"id":26564,"date":"2022-08-10T11:41:54","date_gmt":"2022-08-10T15:41:54","guid":{"rendered":"http:\/\/elradar.info\/?p=26564"},"modified":"2024-02-01T12:16:04","modified_gmt":"2024-02-01T16:16:04","slug":"jhonny-fernandez-afirmo-que-obedece-al-pueblo-no-a-logias-ni-grupos-de-poder-y-los-sectores-sociales-lo-respaldan","status":"publish","type":"post","link":"https:\/\/elradar.info\/?p=26564","title":{"rendered":"<strong>Jhonny Fern\u00e1ndez, afirm\u00f3 que obedece al pueblo, no a \u201clogias ni grupos de poder\u201d y los sectores sociales lo respaldan<\/strong>"},"content":{"rendered":"\n<p>La noche de este martes, el alcalde de Santa Cruz de la Sierra, Jhonny Fern\u00e1ndez, afirm\u00f3 que obedece al pueblo y no a \u201clogias ni grupos de poder\u201d que, en su criterio, pretenden obligar a la mayor\u00eda de los cruce\u00f1os a parar sus actividades.<\/p>\n\n\n\n<p>Sectores sociales, gremiales y poblaci\u00f3n en general protagonizaron una masiva concentraci\u00f3n en las afueras del domicilio del alcalde, para expresarle su respaldo y solidaridad por el atentado criminal que sufri\u00f3 el lunes junto a su familia.<\/p>\n\n\n\n<p><em>\u201cSe\u00f1or alcalde, las organizaciones sociales, las instituciones vivas de Santa Cruz, los que somos excluidos del comit\u00e9 c\u00edvico, de esa gente que nos discrimina, estamos con usted, le agradecemos que se haya puesto del lado de los humildes, de los pobres, de los m\u00e1s necesitados, muchas gracias se\u00f1or alcalde\u201d<\/em>, manifest\u00f3 el representante de la Federaci\u00f3n de Gremiales Unidos, que aglutina a m\u00e1s de 48 mil comerciantes.<\/p>\n\n\n\n<p>Por otro lado, la Federaci\u00f3n Departamental de Comerciantes y Gremiales de Santa Cruz dio lectura a un pronunciamiento de respaldo y apoyo incondicional a la gesti\u00f3n del alcalde Fern\u00e1ndez.<\/p>\n","protected":false},"excerpt":{"rendered":"<p>La noche de este martes, el alcalde de Santa Cruz de la Sierra, Jhonny Fern\u00e1ndez, afirm\u00f3 que obedece al pueblo y no a \u201clogias ni grupos de poder\u201d que, en su criterio, pretenden obligar a la mayor\u00eda de los cruce\u00f1os a parar sus actividades. Sectores sociales, gremiales y poblaci\u00f3n en general protagonizaron una masiva concentraci\u00f3n en las afueras del domicilio del alcalde, para expresarle su respaldo y solidaridad por el atentado criminal que sufri\u00f3 el lunes junto a su familia. \u201cSe\u00f1or alcalde, las organizaciones sociales, las instituciones vivas de Santa Cruz, los que somos excluidos del comit\u00e9 c\u00edvico, de esa<\/p>\n","protected":false},"author":2,"featured_media":26566,"comment_status":"closed","ping_status":"open","sticky":false,"template":"","format":"standard","meta":{"_seopress_robots_primary_cat":"none","_seopress_titles_title":"","_seopress_titles_desc":"","_seopress_robots_index":"","_jetpack_memberships_contains_paid_content":false,"footnotes":""},"categories":[103],"tags":[748,109,3370,3074,1480,2272,167,3549],"class_list":["post-26564","post","type-post","status-publish","format-standard","has-post-thumbnail","hentry","category-nacional","tag-apoyo","tag-bolivia","tag-comerciantes","tag-gremiales","tag-jhonny-fernandez","tag-respaldo","tag-santa-cruz","tag-sectores-sociales"],"jetpack_featured_media_url":"https:\/\/elradar.info\/wp-content\/uploads\/2022\/08\/car-sanchez-4_21-2741940_20220810022433.jpg","jetpack_sharing_enabled":true,"amp_enabled":true,"_links":{"self":[{"href":"https:\/\/elradar.info\/index.php?rest_route=\/wp\/v2\/posts\/26564","targetHints":{"allow":["GET"]}}],"collection":[{"href":"https:\/\/elradar.info\/index.php?rest_route=\/wp\/v2\/posts"}],"about":[{"href":"https:\/\/elradar.info\/index.php?rest_route=\/wp\/v2\/types\/post"}],"author":[{"embeddable":true,"href":"https:\/\/elradar.info\/index.php?rest_route=\/wp\/v2\/users\/2"}],"replies":[{"embeddable":true,"href":"https:\/\/elradar.info\/index.php?rest_route=%2Fwp%2Fv2%2Fcomments&post=26564"}],"version-history":[{"count":1,"href":"https:\/\/elradar.info\/index.php?rest_route=\/wp\/v2\/posts\/26564\/revisions"}],"predecessor-version":[{"id":26567,"href":"https:\/\/elradar.info\/index.php?rest_route=\/wp\/v2\/posts\/26564\/revisions\/26567"}],"wp:featuredmedia":[{"embeddable":true,"href":"https:\/\/elradar.info\/index.php?rest_route=\/wp\/v2\/media\/26566"}],"wp:attachment":[{"href":"https:\/\/elradar.info\/index.php?rest_route=%2Fwp%2Fv2%2Fmedia&parent=26564"}],"wp:term":[{"taxonomy":"category","embeddable":true,"href":"https:\/\/elradar.info\/index.php?rest_route=%2Fwp%2Fv2%2Fcategories&post=26564"},{"taxonomy":"post_tag","embeddable":true,"href":"https:\/\/elradar.info\/index.php?rest_route=%2Fwp%2Fv2%2Ftags&post=26564"}],"curies":[{"name":"wp","href":"https:\/\/api.w.org\/{rel}","templated":true}]}}