{"id":26584,"date":"2022-08-10T13:06:28","date_gmt":"2022-08-10T17:06:28","guid":{"rendered":"http:\/\/elradar.info\/?p=26584"},"modified":"2024-02-01T12:16:04","modified_gmt":"2024-02-01T16:16:04","slug":"santa-cruz-registra-el-sexto-caso-de-viruela-del-mono-en-bolivia","status":"publish","type":"post","link":"https:\/\/elradar.info\/?p=26584","title":{"rendered":"<strong>Santa Cruz registra el sexto caso de viruela del mono en Bolivia<\/strong>"},"content":{"rendered":"\n<p>En el departamento de Santa Cruz se confirm\u00f3 el sexto caso de viruela del mono o s\u00edmica. El director nacional de Epidemiolog\u00eda del Ministerio de Salud y Deportes, Freddy Armijo, inform\u00f3 que se trata de un var\u00f3n de 24 a\u00f1os, de nacionalidad venezolana, que reside en Santa Cruz. Por el momento, el mismo se mantiene aislado y se hace un seguimiento a sus contactos cercanos.<\/p>\n\n\n\n<p><em>\u201cLa persona se encuentra en la segunda fase de la enfermedad, es uno de los casos que presenta una sintomatolog\u00eda cl\u00e1sica como fiebre, dolor de cabeza, mialgias, malestar en la espalda; ganglios linf\u00e1ticos inflamados en el cuello, cansancio y fatiga\u201d<\/em>, indic\u00f3 Armijo.<\/p>\n\n\n\n<p>El director agreg\u00f3 que se sigue el protocolo sanitario para la enfermedad para los casos sospechosos. Hasta el momento se habr\u00edan estudiado 38 casos, de los cuales 32 ya fueron descartados. Llama la atenci\u00f3n que todos los casos registrados hasta ahora corresponden a pacientes masculinos, siendo este \u00faltimo local y no importado.<\/p>\n","protected":false},"excerpt":{"rendered":"<p>En el departamento de Santa Cruz se confirm\u00f3 el sexto caso de viruela del mono o s\u00edmica. El director nacional de Epidemiolog\u00eda del Ministerio de Salud y Deportes, Freddy Armijo, inform\u00f3 que se trata de un var\u00f3n de 24 a\u00f1os, de nacionalidad venezolana, que reside en Santa Cruz. Por el momento, el mismo se mantiene aislado y se hace un seguimiento a sus contactos cercanos. \u201cLa persona se encuentra en la segunda fase de la enfermedad, es uno de los casos que presenta una sintomatolog\u00eda cl\u00e1sica como fiebre, dolor de cabeza, mialgias, malestar en la espalda; ganglios linf\u00e1ticos inflamados en<\/p>\n","protected":false},"author":2,"featured_media":26586,"comment_status":"closed","ping_status":"open","sticky":false,"template":"","format":"standard","meta":{"_seopress_robots_primary_cat":"none","_seopress_titles_title":"","_seopress_titles_desc":"","_seopress_robots_index":"","_jetpack_memberships_contains_paid_content":false,"footnotes":""},"categories":[103,201],"tags":[109,3553,398,167,3552,2013],"class_list":["post-26584","post","type-post","status-publish","format-standard","has-post-thumbnail","hentry","category-nacional","category-salud","tag-bolivia","tag-freddy-armijo","tag-ministerio-de-salud-y-deportes","tag-santa-cruz","tag-sexto-caso","tag-viruela-del-mono"],"jetpack_featured_media_url":"https:\/\/elradar.info\/wp-content\/uploads\/2022\/08\/armijo-810.jpg","jetpack_sharing_enabled":true,"amp_enabled":true,"_links":{"self":[{"href":"https:\/\/elradar.info\/index.php?rest_route=\/wp\/v2\/posts\/26584","targetHints":{"allow":["GET"]}}],"collection":[{"href":"https:\/\/elradar.info\/index.php?rest_route=\/wp\/v2\/posts"}],"about":[{"href":"https:\/\/elradar.info\/index.php?rest_route=\/wp\/v2\/types\/post"}],"author":[{"embeddable":true,"href":"https:\/\/elradar.info\/index.php?rest_route=\/wp\/v2\/users\/2"}],"replies":[{"embeddable":true,"href":"https:\/\/elradar.info\/index.php?rest_route=%2Fwp%2Fv2%2Fcomments&post=26584"}],"version-history":[{"count":1,"href":"https:\/\/elradar.info\/index.php?rest_route=\/wp\/v2\/posts\/26584\/revisions"}],"predecessor-version":[{"id":26587,"href":"https:\/\/elradar.info\/index.php?rest_route=\/wp\/v2\/posts\/26584\/revisions\/26587"}],"wp:featuredmedia":[{"embeddable":true,"href":"https:\/\/elradar.info\/index.php?rest_route=\/wp\/v2\/media\/26586"}],"wp:attachment":[{"href":"https:\/\/elradar.info\/index.php?rest_route=%2Fwp%2Fv2%2Fmedia&parent=26584"}],"wp:term":[{"taxonomy":"category","embeddable":true,"href":"https:\/\/elradar.info\/index.php?rest_route=%2Fwp%2Fv2%2Fcategories&post=26584"},{"taxonomy":"post_tag","embeddable":true,"href":"https:\/\/elradar.info\/index.php?rest_route=%2Fwp%2Fv2%2Ftags&post=26584"}],"curies":[{"name":"wp","href":"https:\/\/api.w.org\/{rel}","templated":true}]}}