{"id":26592,"date":"2022-08-10T14:37:36","date_gmt":"2022-08-10T18:37:36","guid":{"rendered":"http:\/\/elradar.info\/?p=26592"},"modified":"2024-02-01T12:16:04","modified_gmt":"2024-02-01T16:16:04","slug":"atrapan-a-dos-violadores-que-intentaban-fugarse-a-la-argentina","status":"publish","type":"post","link":"https:\/\/elradar.info\/?p=26592","title":{"rendered":"<strong>Atrapan a dos violadores que intentaban fugarse a la Argentina<\/strong>"},"content":{"rendered":"\n<p>El comandante de la polic\u00eda, My. Julio Castillo, inform\u00f3 que estas personas fueron sindicadas por los delitos de violaci\u00f3n a dos menores que en aquel entonces ten\u00edan 4 y 16 a\u00f1os de edad, casos que registraron en la ciudad de Tarija.<\/p>\n\n\n\n<p><em>\u201cAl ingresar sus datos al sistema de migraciones se constata que ten\u00edan arraigo y pedido de captura\u201d<\/em>, expres\u00f3 Castillo.<\/p>\n\n\n\n<p>Es as\u00ed que los dos individuos; Wilmer S\u00e1nchez y El\u00edas Sandoval fueron enviados al penal de Morros Blancos para que se contin\u00fae con los procesos legales.<\/p>\n","protected":false},"excerpt":{"rendered":"<p>El comandante de la polic\u00eda, My. Julio Castillo, inform\u00f3 que estas personas fueron sindicadas por los delitos de violaci\u00f3n a dos menores que en aquel entonces ten\u00edan 4 y 16 a\u00f1os de edad, casos que registraron en la ciudad de Tarija. \u201cAl ingresar sus datos al sistema de migraciones se constata que ten\u00edan arraigo y pedido de captura\u201d, expres\u00f3 Castillo. Es as\u00ed que los dos individuos; Wilmer S\u00e1nchez y El\u00edas Sandoval fueron enviados al penal de Morros Blancos para que se contin\u00fae con los procesos legales.<\/p>\n","protected":false},"author":2,"featured_media":26594,"comment_status":"closed","ping_status":"open","sticky":false,"template":"","format":"standard","meta":{"_seopress_robots_primary_cat":"none","_seopress_titles_title":"","_seopress_titles_desc":"","_seopress_robots_index":"","_jetpack_memberships_contains_paid_content":false,"footnotes":""},"categories":[103],"tags":[148,109,3555,3558,3554,3556,3559,368,3557],"class_list":["post-26592","post","type-post","status-publish","format-standard","has-post-thumbnail","hentry","category-nacional","tag-argentina","tag-bolivia","tag-comandante-de-la-policia","tag-elias-sandoval","tag-intento-de-fuga","tag-my-julio-castillo","tag-penal-de-morros-blancos","tag-tarija","tag-wilmer-sanchez"],"jetpack_featured_media_url":"https:\/\/elradar.info\/wp-content\/uploads\/2022\/08\/Captura-de-pantalla-419.png","jetpack_sharing_enabled":true,"amp_enabled":true,"_links":{"self":[{"href":"https:\/\/elradar.info\/index.php?rest_route=\/wp\/v2\/posts\/26592","targetHints":{"allow":["GET"]}}],"collection":[{"href":"https:\/\/elradar.info\/index.php?rest_route=\/wp\/v2\/posts"}],"about":[{"href":"https:\/\/elradar.info\/index.php?rest_route=\/wp\/v2\/types\/post"}],"author":[{"embeddable":true,"href":"https:\/\/elradar.info\/index.php?rest_route=\/wp\/v2\/users\/2"}],"replies":[{"embeddable":true,"href":"https:\/\/elradar.info\/index.php?rest_route=%2Fwp%2Fv2%2Fcomments&post=26592"}],"version-history":[{"count":1,"href":"https:\/\/elradar.info\/index.php?rest_route=\/wp\/v2\/posts\/26592\/revisions"}],"predecessor-version":[{"id":26595,"href":"https:\/\/elradar.info\/index.php?rest_route=\/wp\/v2\/posts\/26592\/revisions\/26595"}],"wp:featuredmedia":[{"embeddable":true,"href":"https:\/\/elradar.info\/index.php?rest_route=\/wp\/v2\/media\/26594"}],"wp:attachment":[{"href":"https:\/\/elradar.info\/index.php?rest_route=%2Fwp%2Fv2%2Fmedia&parent=26592"}],"wp:term":[{"taxonomy":"category","embeddable":true,"href":"https:\/\/elradar.info\/index.php?rest_route=%2Fwp%2Fv2%2Fcategories&post=26592"},{"taxonomy":"post_tag","embeddable":true,"href":"https:\/\/elradar.info\/index.php?rest_route=%2Fwp%2Fv2%2Ftags&post=26592"}],"curies":[{"name":"wp","href":"https:\/\/api.w.org\/{rel}","templated":true}]}}