{"id":26660,"date":"2022-08-12T14:39:22","date_gmt":"2022-08-12T18:39:22","guid":{"rendered":"http:\/\/elradar.info\/?p=26660"},"modified":"2024-02-01T12:16:03","modified_gmt":"2024-02-01T16:16:03","slug":"firma-de-acuerdo-entre-los-pobladores-de-mapiri-y-el-gobierno-nacional-desactiva-protestas","status":"publish","type":"post","link":"https:\/\/elradar.info\/?p=26660","title":{"rendered":"<strong>Firma de acuerdo entre los pobladores de Mapiri y el Gobierno nacional, desactiva protestas<\/strong>"},"content":{"rendered":"\n<p>El Ministerio de Obras P\u00fablicas, Servicios y Vivienda y de Planificaci\u00f3n del Desarrollo y la Administradora Boliviana de Carreteras (ABC) firmaron un acuerdo con el Alcalde Municipal y los pobladores de Mapiri para la construcci\u00f3n de un puente, cuyos trabajos se ejecutar\u00e1n en esta gesti\u00f3n.<\/p>\n\n\n\n<p><em>\u201cEl proyecto puente Mapiri y sus accesos est\u00e1 priorizado para gesti\u00f3n de financiamiento y su gesti\u00f3n se encuentra en la etapa final cumpliendo todos los procedimientos, y su licitaci\u00f3n est\u00e1 prevista para noviembre de este a\u00f1o\u201d,<\/em> indica un bolet\u00edn de ABC.\u00a0<\/p>\n\n\n\n<p>El martes, los ministros de Planificaci\u00f3n del Desarrollo, Sergio Cusicanqui; de Obras P\u00fablicas, Edgar Monta\u00f1o; el presidente de la ABC, Henry Nina, representantes y autoridades del municipio de Mapiri, instalaron una mesa de di\u00e1logo, en la que se firm\u00f3 un acta de acuerdo en respuesta a las demandas del sector.<\/p>\n\n\n\n<p>Mendieta se\u00f1al\u00f3 que, tras la firma de ese acta de acuerdo, autoridades y dirigentes del sector se comprometieron a levantar todas las medidas de presi\u00f3n, porque \u201cse atendieron todas sus demandas\u201d.<\/p>\n\n\n\n<p>En el acta se ratifica el compromiso del Gobierno nacional para agilizar todas las gestiones e impulsar la aprobaci\u00f3n del financiamiento ante el Banco de Desarrollo de Am\u00e9rica Latina (CAF), insisti\u00f3.<\/p>\n\n\n\n<p>Los sectores en conflicto y las entidades estatales presentes, se comprometieron a resolver las controversias por medio del di\u00e1logo de buena fe y la concertaci\u00f3n.<\/p>\n\n\n\n<p>En el caso de Mapiri, todos los comunarios que se encontraban en la sede de gobierno retornaron a su comunidad despu\u00e9s de que las autoridades gubernamentales firmaron un acuerdo.<\/p>\n\n\n<div class=\"wp-block-image\">\n<figure class=\"aligncenter size-large\"><img loading=\"lazy\" decoding=\"async\" width=\"792\" height=\"1024\" src=\"https:\/\/elradar.info\/wp-content\/uploads\/2022\/08\/299002223_606682631050921_7308296642023558261_n-792x1024.jpg\" alt=\"\" class=\"wp-image-26662\" srcset=\"https:\/\/elradar.info\/wp-content\/uploads\/2022\/08\/299002223_606682631050921_7308296642023558261_n-792x1024.jpg 792w, https:\/\/elradar.info\/wp-content\/uploads\/2022\/08\/299002223_606682631050921_7308296642023558261_n-232x300.jpg 232w, https:\/\/elradar.info\/wp-content\/uploads\/2022\/08\/299002223_606682631050921_7308296642023558261_n-768x993.jpg 768w, https:\/\/elradar.info\/wp-content\/uploads\/2022\/08\/299002223_606682631050921_7308296642023558261_n-480x621.jpg 480w, https:\/\/elradar.info\/wp-content\/uploads\/2022\/08\/299002223_606682631050921_7308296642023558261_n.jpg 968w\" sizes=\"auto, (max-width: 792px) 100vw, 792px\" \/><\/figure><\/div>","protected":false},"excerpt":{"rendered":"<p>El Ministerio de Obras P\u00fablicas, Servicios y Vivienda y de Planificaci\u00f3n del Desarrollo y la Administradora Boliviana de Carreteras (ABC) firmaron un acuerdo con el Alcalde Municipal y los pobladores de Mapiri para la construcci\u00f3n de un puente, cuyos trabajos se ejecutar\u00e1n en esta gesti\u00f3n. \u201cEl proyecto puente Mapiri y sus accesos est\u00e1 priorizado para gesti\u00f3n de financiamiento y su gesti\u00f3n se encuentra en la etapa final cumpliendo todos los procedimientos, y su licitaci\u00f3n est\u00e1 prevista para noviembre de este a\u00f1o\u201d, indica un bolet\u00edn de ABC.\u00a0 El martes, los ministros de Planificaci\u00f3n del Desarrollo, Sergio Cusicanqui; de Obras P\u00fablicas, Edgar<\/p>\n","protected":false},"author":2,"featured_media":26663,"comment_status":"closed","ping_status":"open","sticky":false,"template":"","format":"standard","meta":{"_seopress_robots_primary_cat":"none","_seopress_titles_title":"","_seopress_titles_desc":"","_seopress_robots_index":"","_jetpack_memberships_contains_paid_content":false,"footnotes":""},"categories":[103],"tags":[573,109,584,3602,708,3601,794,1120,2428],"class_list":["post-26660","post","type-post","status-publish","format-standard","has-post-thumbnail","hentry","category-nacional","tag-administradora-boliviana-de-caminos","tag-bolivia","tag-edgar-montano","tag-firma-de-acuerdo","tag-gobierno-nacional","tag-mapiri","tag-ministerio-de-obras-publicas-servicios-y-vivienda","tag-ministerio-de-planificacion-del-desarrollo","tag-sergio-cusicanqui"],"jetpack_featured_media_url":"https:\/\/elradar.info\/wp-content\/uploads\/2022\/08\/298994196_606707691048415_7435062971002924725_n.png","jetpack_sharing_enabled":true,"amp_enabled":true,"_links":{"self":[{"href":"https:\/\/elradar.info\/index.php?rest_route=\/wp\/v2\/posts\/26660","targetHints":{"allow":["GET"]}}],"collection":[{"href":"https:\/\/elradar.info\/index.php?rest_route=\/wp\/v2\/posts"}],"about":[{"href":"https:\/\/elradar.info\/index.php?rest_route=\/wp\/v2\/types\/post"}],"author":[{"embeddable":true,"href":"https:\/\/elradar.info\/index.php?rest_route=\/wp\/v2\/users\/2"}],"replies":[{"embeddable":true,"href":"https:\/\/elradar.info\/index.php?rest_route=%2Fwp%2Fv2%2Fcomments&post=26660"}],"version-history":[{"count":1,"href":"https:\/\/elradar.info\/index.php?rest_route=\/wp\/v2\/posts\/26660\/revisions"}],"predecessor-version":[{"id":26664,"href":"https:\/\/elradar.info\/index.php?rest_route=\/wp\/v2\/posts\/26660\/revisions\/26664"}],"wp:featuredmedia":[{"embeddable":true,"href":"https:\/\/elradar.info\/index.php?rest_route=\/wp\/v2\/media\/26663"}],"wp:attachment":[{"href":"https:\/\/elradar.info\/index.php?rest_route=%2Fwp%2Fv2%2Fmedia&parent=26660"}],"wp:term":[{"taxonomy":"category","embeddable":true,"href":"https:\/\/elradar.info\/index.php?rest_route=%2Fwp%2Fv2%2Fcategories&post=26660"},{"taxonomy":"post_tag","embeddable":true,"href":"https:\/\/elradar.info\/index.php?rest_route=%2Fwp%2Fv2%2Ftags&post=26660"}],"curies":[{"name":"wp","href":"https:\/\/api.w.org\/{rel}","templated":true}]}}