{"id":26665,"date":"2022-08-12T14:48:23","date_gmt":"2022-08-12T18:48:23","guid":{"rendered":"http:\/\/elradar.info\/?p=26665"},"modified":"2024-02-01T12:16:03","modified_gmt":"2024-02-01T16:16:03","slug":"feminicida-que-se-fugo-ayer-se-entrego-a-la-policia","status":"publish","type":"post","link":"https:\/\/elradar.info\/?p=26665","title":{"rendered":"<strong>Feminicida que se fug\u00f3 ayer se entreg\u00f3 a la polic\u00eda<\/strong>"},"content":{"rendered":"\n<p>En 2019, Tadeo Joddy Terceros T\u00f3rrez mat\u00f3 a Abiga\u00edl con 22 pu\u00f1aladas y le destroz\u00f3 la cabeza con piedras y otros objetos contundentes. Sin embargo, porque en ese entonces \u00e9l ten\u00eda 16 a\u00f1os y era menor de edad, la juez le dict\u00f3 solo seis a\u00f1os de condena, tres de los mismos que no pas\u00f3 en la c\u00e1rcel sino en el centro para menores Qalauma.<\/p>\n\n\n\n<p>El caso volvi\u00f3 a cobrar relevancia ayer, cuando Terceros aprovech\u00f3 una visita al psic\u00f3logo para escapar, seg\u00fan las primeras indagaciones, con ayuda de su padre. Pasaron algunas horas y el feminicida se entreg\u00f3 a las autoridades. En las redes sociales de la polic\u00eda una publicaci\u00f3n se refiri\u00f3 al caso:<\/p>\n\n\n\n<p><em>\u201cLos diferentes operativos de la Polic\u00eda junto a la aprehensi\u00f3n de su padre como c\u00f3mplice y encubridor de la fuga, permitieron que el feminicida Tadeo Joddy Terceros Torrez sea acorralado, entreg\u00e1ndose para ser sometido al imperio de la ley\u201d.<\/em><\/p>\n\n\n\n<p>El padre de Terceros fue aprehendido por el delito de favorecimiento a la evasi\u00f3n, por ello ahora se lleva a cabo una audiencia cautelar a trav\u00e9s de la cual se definir\u00e1 su situaci\u00f3n legal.&nbsp;<\/p>\n","protected":false},"excerpt":{"rendered":"<p>En 2019, Tadeo Joddy Terceros T\u00f3rrez mat\u00f3 a Abiga\u00edl con 22 pu\u00f1aladas y le destroz\u00f3 la cabeza con piedras y otros objetos contundentes. Sin embargo, porque en ese entonces \u00e9l ten\u00eda 16 a\u00f1os y era menor de edad, la juez le dict\u00f3 solo seis a\u00f1os de condena, tres de los mismos que no pas\u00f3 en la c\u00e1rcel sino en el centro para menores Qalauma. El caso volvi\u00f3 a cobrar relevancia ayer, cuando Terceros aprovech\u00f3 una visita al psic\u00f3logo para escapar, seg\u00fan las primeras indagaciones, con ayuda de su padre. Pasaron algunas horas y el feminicida se entreg\u00f3 a las autoridades.<\/p>\n","protected":false},"author":2,"featured_media":26667,"comment_status":"closed","ping_status":"open","sticky":false,"template":"","format":"standard","meta":{"_seopress_robots_primary_cat":"none","_seopress_titles_title":"","_seopress_titles_desc":"","_seopress_robots_index":"","_jetpack_memberships_contains_paid_content":false,"footnotes":""},"categories":[103],"tags":[109,3604,317,3605,3603],"class_list":["post-26665","post","type-post","status-publish","format-standard","has-post-thumbnail","hentry","category-nacional","tag-bolivia","tag-centro-para-menores-qalauma","tag-feminicida","tag-reacptura","tag-tadeo-joddy-terceros-torrez"],"jetpack_featured_media_url":"https:\/\/elradar.info\/wp-content\/uploads\/2022\/08\/la-polica-difundi-las-imgenes-del-prfugo.-foto-polica-boliv_448775902_1140x520.jpg","jetpack_sharing_enabled":true,"amp_enabled":true,"_links":{"self":[{"href":"https:\/\/elradar.info\/index.php?rest_route=\/wp\/v2\/posts\/26665","targetHints":{"allow":["GET"]}}],"collection":[{"href":"https:\/\/elradar.info\/index.php?rest_route=\/wp\/v2\/posts"}],"about":[{"href":"https:\/\/elradar.info\/index.php?rest_route=\/wp\/v2\/types\/post"}],"author":[{"embeddable":true,"href":"https:\/\/elradar.info\/index.php?rest_route=\/wp\/v2\/users\/2"}],"replies":[{"embeddable":true,"href":"https:\/\/elradar.info\/index.php?rest_route=%2Fwp%2Fv2%2Fcomments&post=26665"}],"version-history":[{"count":1,"href":"https:\/\/elradar.info\/index.php?rest_route=\/wp\/v2\/posts\/26665\/revisions"}],"predecessor-version":[{"id":26668,"href":"https:\/\/elradar.info\/index.php?rest_route=\/wp\/v2\/posts\/26665\/revisions\/26668"}],"wp:featuredmedia":[{"embeddable":true,"href":"https:\/\/elradar.info\/index.php?rest_route=\/wp\/v2\/media\/26667"}],"wp:attachment":[{"href":"https:\/\/elradar.info\/index.php?rest_route=%2Fwp%2Fv2%2Fmedia&parent=26665"}],"wp:term":[{"taxonomy":"category","embeddable":true,"href":"https:\/\/elradar.info\/index.php?rest_route=%2Fwp%2Fv2%2Fcategories&post=26665"},{"taxonomy":"post_tag","embeddable":true,"href":"https:\/\/elradar.info\/index.php?rest_route=%2Fwp%2Fv2%2Ftags&post=26665"}],"curies":[{"name":"wp","href":"https:\/\/api.w.org\/{rel}","templated":true}]}}