{"id":26724,"date":"2022-08-15T12:33:30","date_gmt":"2022-08-15T16:33:30","guid":{"rendered":"http:\/\/elradar.info\/?p=26724"},"modified":"2024-02-01T12:16:02","modified_gmt":"2024-02-01T16:16:02","slug":"continua-en-descenso-de-casos-de-covid-19-en-bolivia","status":"publish","type":"post","link":"https:\/\/elradar.info\/?p=26724","title":{"rendered":"<strong>Contin\u00faa en descenso de casos de Covid 19 en Bolivia<\/strong>"},"content":{"rendered":"\n<p>El pa\u00eds atraviesa su segunda semana de descensos de casos COVID-19, en lo que corresponde a la semana epidemiol\u00f3gica 32, en la que se present\u00f3 una reducci\u00f3n de -8.745 casos con respecto a la semana anterior, eso es un -32% de contagios.<\/p>\n\n\n\n<p>Pese a que en la semana anterior se registraron 38 decesos por Covid 19, la tasa de letalidad de la enfermedad se mantiene con el \u00edndice m\u00e1s bajo desde el inicio de la pandemia, esto es un 0.1%, aspecto que denota que las acciones que lleva el Gobierno nacional para contener y mitigar la pandemia, como el trabajo de prevenci\u00f3n y la vacunaci\u00f3n dan buenos resultados.<\/p>\n\n\n\n<p>Por lo tanto, el Ministerio de Salud y Deportes en su reporte de vacunaci\u00f3n contra el Covid-19 da cuenta que hasta la fecha se aplicaron 14.798.793 dosis entre la primera, segunda, tercera, unidosis y cuarta dosis a los diferentes grupos etarios de las vacunas Sputnik V, AstraZeneca, Sinopharm, Pfizer y Janssen en todo el territorio nacional. De las que 6.316.755 salubristas, maestros, personas de la tercera edad, ni\u00f1os, adolescentes, mayores de 18 a\u00f1os y mujeres en gestaci\u00f3n, recibieron la primera dosis de la vacuna contra la COVID-19, as\u00ed mismo, se aplic\u00f3 5.100.457 la segunda; 998.652 a dosis \u00fanica 2.007.265 terceras y 375.664 la cuarta dosis.<\/p>\n\n\n\n<p>Lo que da como resultado un total de 23.815.500 dosis de vacunas gestionadas y adquiridas por el Gobierno nacional.<\/p>\n","protected":false},"excerpt":{"rendered":"<p>El pa\u00eds atraviesa su segunda semana de descensos de casos COVID-19, en lo que corresponde a la semana epidemiol\u00f3gica 32, en la que se present\u00f3 una reducci\u00f3n de -8.745 casos con respecto a la semana anterior, eso es un -32% de contagios. Pese a que en la semana anterior se registraron 38 decesos por Covid 19, la tasa de letalidad de la enfermedad se mantiene con el \u00edndice m\u00e1s bajo desde el inicio de la pandemia, esto es un 0.1%, aspecto que denota que las acciones que lleva el Gobierno nacional para contener y mitigar la pandemia, como el trabajo<\/p>\n","protected":false},"author":2,"featured_media":26726,"comment_status":"closed","ping_status":"open","sticky":false,"template":"","format":"standard","meta":{"_seopress_robots_primary_cat":"none","_seopress_titles_title":"","_seopress_titles_desc":"","_seopress_robots_index":"","_jetpack_memberships_contains_paid_content":false,"footnotes":""},"categories":[103,201],"tags":[109,474,1435,398,229,3631],"class_list":["post-26724","post","type-post","status-publish","format-standard","has-post-thumbnail","hentry","category-nacional","category-salud","tag-bolivia","tag-covid-19","tag-descenso-de-casos","tag-ministerio-de-salud-y-deportes","tag-salud","tag-semana-epidemiologica-32"],"jetpack_featured_media_url":"https:\/\/elradar.info\/wp-content\/uploads\/2022\/08\/Captura-de-pantalla-2021-10-11-113106-1.png","jetpack_sharing_enabled":true,"amp_enabled":true,"_links":{"self":[{"href":"https:\/\/elradar.info\/index.php?rest_route=\/wp\/v2\/posts\/26724","targetHints":{"allow":["GET"]}}],"collection":[{"href":"https:\/\/elradar.info\/index.php?rest_route=\/wp\/v2\/posts"}],"about":[{"href":"https:\/\/elradar.info\/index.php?rest_route=\/wp\/v2\/types\/post"}],"author":[{"embeddable":true,"href":"https:\/\/elradar.info\/index.php?rest_route=\/wp\/v2\/users\/2"}],"replies":[{"embeddable":true,"href":"https:\/\/elradar.info\/index.php?rest_route=%2Fwp%2Fv2%2Fcomments&post=26724"}],"version-history":[{"count":1,"href":"https:\/\/elradar.info\/index.php?rest_route=\/wp\/v2\/posts\/26724\/revisions"}],"predecessor-version":[{"id":26727,"href":"https:\/\/elradar.info\/index.php?rest_route=\/wp\/v2\/posts\/26724\/revisions\/26727"}],"wp:featuredmedia":[{"embeddable":true,"href":"https:\/\/elradar.info\/index.php?rest_route=\/wp\/v2\/media\/26726"}],"wp:attachment":[{"href":"https:\/\/elradar.info\/index.php?rest_route=%2Fwp%2Fv2%2Fmedia&parent=26724"}],"wp:term":[{"taxonomy":"category","embeddable":true,"href":"https:\/\/elradar.info\/index.php?rest_route=%2Fwp%2Fv2%2Fcategories&post=26724"},{"taxonomy":"post_tag","embeddable":true,"href":"https:\/\/elradar.info\/index.php?rest_route=%2Fwp%2Fv2%2Ftags&post=26724"}],"curies":[{"name":"wp","href":"https:\/\/api.w.org\/{rel}","templated":true}]}}