{"id":26732,"date":"2022-08-15T12:58:05","date_gmt":"2022-08-15T16:58:05","guid":{"rendered":"http:\/\/elradar.info\/?p=26732"},"modified":"2024-02-01T12:16:02","modified_gmt":"2024-02-01T16:16:02","slug":"el-presidente-luis-arce-recibio-a-la-autora-del-libro-fidel","status":"publish","type":"post","link":"https:\/\/elradar.info\/?p=26732","title":{"rendered":"El presidente Luis Arce recibi\u00f3 a la autora del libro \u201cFidel\u201d"},"content":{"rendered":"\n<p>En compa\u00f1\u00eda de la ministra de la presidencia, Mar\u00eda Nela Prada, y el embajador de Cuba en Bolivia, Danilo S\u00e1nchez, el presidente del Estado plurinacional, Luis Arce Catacora, recibi\u00f3 el domingo a la prestigiosa periodista y escritora cubana, Katiuska Blanco, autora del libro \u201cFidel\u201d.<\/p>\n\n\n\n<p>\u201c<em>Hoy recibimos, en la Casa Grande del Pueblo boliviano, a la hermana Katiuska Blanco, periodista y escritora cubana, autora del libro \u201cFidel\u201d, una biograf\u00eda que nos acerca a la vida y lucha del comandante Fidel Castro, s\u00edmbolo de revoluci\u00f3n, dignidad y solidaridad<\/em>\u201d, public\u00f3 el mandatario en sus redes sociales.<\/p>\n\n\n\n<p>El libro fue presentado en el marco de la Feria Internacional del Libro de La Paz, y narra las vivencias del l\u00edder cubano en m\u00e1s de 500 p\u00e1ginas, lo que lo convierte en una de las biograf\u00edas m\u00e1s completas de Fidel Castro. La ministra de la presidencia estuvo presente tambi\u00e9n en la presentaci\u00f3n de la obra, en esa ocasi\u00f3n intervino expresando:<\/p>\n\n\n\n<p>\u201c<em>Nos sentimos cercanos a las revoluciones de nuestra patria grande, de los pueblos que luchan por su liberaci\u00f3n, por su soberan\u00eda. Todas estas revoluciones est\u00e1n acompa\u00f1adas por el ajayu de nuestro Comandante Fidel, que fue amor revolucionario. \u00c9l tiene esta magia de unirnos. Los corazones de nuestros pueblos est\u00e1n tejidos en rebeld\u00eda y laten hermanados. Pero como revolucionarios debemos trasformar las letras en acciones, como nuestro Comandante lo dijo, por eso vamos a enviar ayuda al pueblo cubano, hoy que necesitan toda nuestra solidaridad<\/em>\u201d.<\/p>\n\n\n\n<p>La publicaci\u00f3n de esta biograf\u00eda pudo ser posible gracias al apoyo de la Editorial del Estado Plurinacional.<\/p>\n\n\n\n<figure class=\"wp-block-gallery has-nested-images columns-default is-cropped wp-block-gallery-1 is-layout-flex wp-block-gallery-is-layout-flex\">\n<figure class=\"wp-block-image size-large\"><img loading=\"lazy\" decoding=\"async\" width=\"1024\" height=\"836\" data-id=\"26737\" src=\"https:\/\/elradar.info\/wp-content\/uploads\/2022\/08\/299605829_597594951820100_2888419433845158274_n-1024x836.jpg\" alt=\"\" class=\"wp-image-26737\" srcset=\"https:\/\/elradar.info\/wp-content\/uploads\/2022\/08\/299605829_597594951820100_2888419433845158274_n-1024x836.jpg 1024w, https:\/\/elradar.info\/wp-content\/uploads\/2022\/08\/299605829_597594951820100_2888419433845158274_n-300x245.jpg 300w, https:\/\/elradar.info\/wp-content\/uploads\/2022\/08\/299605829_597594951820100_2888419433845158274_n-768x627.jpg 768w, https:\/\/elradar.info\/wp-content\/uploads\/2022\/08\/299605829_597594951820100_2888419433845158274_n-480x392.jpg 480w, https:\/\/elradar.info\/wp-content\/uploads\/2022\/08\/299605829_597594951820100_2888419433845158274_n.jpg 1180w\" sizes=\"auto, (max-width: 1024px) 100vw, 1024px\" \/><\/figure>\n\n\n\n<figure class=\"wp-block-image size-large\"><img loading=\"lazy\" decoding=\"async\" width=\"1024\" height=\"682\" data-id=\"26735\" src=\"https:\/\/elradar.info\/wp-content\/uploads\/2022\/08\/299644062_597594851820110_2699188461592502225_n-1024x682.jpg\" alt=\"\" class=\"wp-image-26735\" srcset=\"https:\/\/elradar.info\/wp-content\/uploads\/2022\/08\/299644062_597594851820110_2699188461592502225_n-1024x682.jpg 1024w, https:\/\/elradar.info\/wp-content\/uploads\/2022\/08\/299644062_597594851820110_2699188461592502225_n-300x200.jpg 300w, https:\/\/elradar.info\/wp-content\/uploads\/2022\/08\/299644062_597594851820110_2699188461592502225_n-768x512.jpg 768w, https:\/\/elradar.info\/wp-content\/uploads\/2022\/08\/299644062_597594851820110_2699188461592502225_n-720x480.jpg 720w, https:\/\/elradar.info\/wp-content\/uploads\/2022\/08\/299644062_597594851820110_2699188461592502225_n-480x320.jpg 480w, https:\/\/elradar.info\/wp-content\/uploads\/2022\/08\/299644062_597594851820110_2699188461592502225_n.jpg 1280w\" sizes=\"auto, (max-width: 1024px) 100vw, 1024px\" \/><\/figure>\n\n\n\n<figure class=\"wp-block-image size-large\"><img loading=\"lazy\" decoding=\"async\" width=\"1024\" height=\"801\" data-id=\"26736\" src=\"https:\/\/elradar.info\/wp-content\/uploads\/2022\/08\/299385727_597594868486775_4152625078594980892_n-1024x801.jpg\" alt=\"\" class=\"wp-image-26736\" srcset=\"https:\/\/elradar.info\/wp-content\/uploads\/2022\/08\/299385727_597594868486775_4152625078594980892_n-1024x801.jpg 1024w, https:\/\/elradar.info\/wp-content\/uploads\/2022\/08\/299385727_597594868486775_4152625078594980892_n-300x235.jpg 300w, https:\/\/elradar.info\/wp-content\/uploads\/2022\/08\/299385727_597594868486775_4152625078594980892_n-768x600.jpg 768w, https:\/\/elradar.info\/wp-content\/uploads\/2022\/08\/299385727_597594868486775_4152625078594980892_n-480x375.jpg 480w, https:\/\/elradar.info\/wp-content\/uploads\/2022\/08\/299385727_597594868486775_4152625078594980892_n.jpg 1279w\" sizes=\"auto, (max-width: 1024px) 100vw, 1024px\" \/><\/figure>\n<\/figure>\n","protected":false},"excerpt":{"rendered":"<p>En compa\u00f1\u00eda de la ministra de la presidencia, Mar\u00eda Nela Prada, y el embajador de Cuba en Bolivia, Danilo S\u00e1nchez, el presidente del Estado plurinacional, Luis Arce Catacora, recibi\u00f3 el domingo a la prestigiosa periodista y escritora cubana, Katiuska Blanco, autora del libro \u201cFidel\u201d. \u201cHoy recibimos, en la Casa Grande del Pueblo boliviano, a la hermana Katiuska Blanco, periodista y escritora cubana, autora del libro \u201cFidel\u201d, una biograf\u00eda que nos acerca a la vida y lucha del comandante Fidel Castro, s\u00edmbolo de revoluci\u00f3n, dignidad y solidaridad\u201d, public\u00f3 el mandatario en sus redes sociales. El libro fue presentado en el marco<\/p>\n","protected":false},"author":2,"featured_media":26734,"comment_status":"closed","ping_status":"open","sticky":false,"template":"","format":"standard","meta":{"_seopress_robots_primary_cat":"none","_seopress_titles_title":"","_seopress_titles_desc":"","_seopress_robots_index":"","_jetpack_memberships_contains_paid_content":false,"footnotes":""},"categories":[127,103],"tags":[3636,109,3529,3633,3634,132,271],"class_list":["post-26732","post","type-post","status-publish","format-standard","has-post-thumbnail","hentry","category-cultura","category-nacional","tag-autora","tag-bolivia","tag-feria-internacional-del-libro-de-la-paz","tag-fidel","tag-katiuska-blanco","tag-luis-arce","tag-maria-nela-prada"],"jetpack_featured_media_url":"https:\/\/elradar.info\/wp-content\/uploads\/2022\/08\/299589293_597594871820108_5662317834187289617_n.jpg","jetpack_sharing_enabled":true,"amp_enabled":true,"_links":{"self":[{"href":"https:\/\/elradar.info\/index.php?rest_route=\/wp\/v2\/posts\/26732","targetHints":{"allow":["GET"]}}],"collection":[{"href":"https:\/\/elradar.info\/index.php?rest_route=\/wp\/v2\/posts"}],"about":[{"href":"https:\/\/elradar.info\/index.php?rest_route=\/wp\/v2\/types\/post"}],"author":[{"embeddable":true,"href":"https:\/\/elradar.info\/index.php?rest_route=\/wp\/v2\/users\/2"}],"replies":[{"embeddable":true,"href":"https:\/\/elradar.info\/index.php?rest_route=%2Fwp%2Fv2%2Fcomments&post=26732"}],"version-history":[{"count":1,"href":"https:\/\/elradar.info\/index.php?rest_route=\/wp\/v2\/posts\/26732\/revisions"}],"predecessor-version":[{"id":26738,"href":"https:\/\/elradar.info\/index.php?rest_route=\/wp\/v2\/posts\/26732\/revisions\/26738"}],"wp:featuredmedia":[{"embeddable":true,"href":"https:\/\/elradar.info\/index.php?rest_route=\/wp\/v2\/media\/26734"}],"wp:attachment":[{"href":"https:\/\/elradar.info\/index.php?rest_route=%2Fwp%2Fv2%2Fmedia&parent=26732"}],"wp:term":[{"taxonomy":"category","embeddable":true,"href":"https:\/\/elradar.info\/index.php?rest_route=%2Fwp%2Fv2%2Fcategories&post=26732"},{"taxonomy":"post_tag","embeddable":true,"href":"https:\/\/elradar.info\/index.php?rest_route=%2Fwp%2Fv2%2Ftags&post=26732"}],"curies":[{"name":"wp","href":"https:\/\/api.w.org\/{rel}","templated":true}]}}