{"id":26774,"date":"2022-08-16T15:31:40","date_gmt":"2022-08-16T19:31:40","guid":{"rendered":"http:\/\/elradar.info\/?p=26774"},"modified":"2024-02-01T12:16:01","modified_gmt":"2024-02-01T16:16:01","slug":"la-academia-le-pide-disculpas-a-sacheen-littlefeather","status":"publish","type":"post","link":"https:\/\/elradar.info\/?p=26774","title":{"rendered":"<strong>La Academia le pide disculpas a Sacheen&nbsp; Littlefeather<\/strong>"},"content":{"rendered":"\n<p>A principios de los a\u00f1os 70, Marlon Brando se involucr\u00f3 con el (AIM) Movimiento Amerindio, y busc\u00f3 alguien que recibiera el premio Oscar en su lugar para usar el evento como un espacio para hacer una declaraci\u00f3n sobre el Wounded Knee, un altercado violento entre nativos americanos y agentes federales que tuvo lugar en el Estado de Dakota del Sur.<\/p>\n\n\n\n<p>Es as\u00ed que se eligi\u00f3 a Sacheen&nbsp; Littlefeather, entonces de 26 a\u00f1os, quien fue enviada a la gala de 1973 por Brando y declar\u00f3 que no pod\u00eda aceptar el premio por \u201c<em>el trato a los indoamericanos por parte de la industria cinematogr\u00e1fica y en la televisi\u00f3n, adem\u00e1s de los recientes acontecimientos en Wounded Knee<\/em>\u201d. Luego de esa declaraci\u00f3n, que levant\u00f3 abucheos (y algunos aplausos) entre los asistentes, la actriz tuvo que ser escoltada por los guardias de seguridad.<\/p>\n\n\n\n<p>50 a\u00f1os despu\u00e9s del suceso, la instituci\u00f3n de los premios Oscar ha hecho p\u00fablica una carta enviada a Littlefeather, en la cual le piden perd\u00f3n por los agravios que ella sufri\u00f3 tras el gesto: \u201c<em>El abuso que has soportado por tus declaraciones ha sido inmerecido e injustificado. La carga emocional que has tenido que sobrellevar y el precio que ha supuesto para tu carrera en nuestra industria es irreparable. Durante demasiado tiempo, el coraje que mostraste no ha sido reconocido. Por ello, ofrecemos nuestras m\u00e1s sinceras disculpas y nuestra sincera admiraci\u00f3n<\/em>\u201d, se lee en la misiva firmada por el presidente de la Academia, David Rubin.<\/p>\n\n\n\n<p>Por su parte, la actriz respondi\u00f3: \u201c<em>Los indios somos gente muy paciente. \u00a1Tan solo han sido 50 a\u00f1os<\/em>!\u201d, indicando que nunca pens\u00f3 que recibir\u00eda disculpas por los hechos de entonces.<\/p>\n","protected":false},"excerpt":{"rendered":"<p>A principios de los a\u00f1os 70, Marlon Brando se involucr\u00f3 con el (AIM) Movimiento Amerindio, y busc\u00f3 alguien que recibiera el premio Oscar en su lugar para usar el evento como un espacio para hacer una declaraci\u00f3n sobre el Wounded Knee, un altercado violento entre nativos americanos y agentes federales que tuvo lugar en el Estado de Dakota del Sur. Es as\u00ed que se eligi\u00f3 a Sacheen&nbsp; Littlefeather, entonces de 26 a\u00f1os, quien fue enviada a la gala de 1973 por Brando y declar\u00f3 que no pod\u00eda aceptar el premio por \u201cel trato a los indoamericanos por parte de la<\/p>\n","protected":false},"author":2,"featured_media":26777,"comment_status":"closed","ping_status":"open","sticky":false,"template":"","format":"standard","meta":{"_seopress_robots_primary_cat":"none","_seopress_titles_title":"","_seopress_titles_desc":"","_seopress_robots_index":"","_jetpack_memberships_contains_paid_content":false,"footnotes":""},"categories":[107],"tags":[3667,3663,181,3664,3665,3662,3666],"class_list":["post-26774","post","type-post","status-publish","format-standard","has-post-thumbnail","hentry","category-internacional","tag-dakota-del-sur","tag-disculpas","tag-estados-unidos","tag-marlon-brando","tag-movimiento-amerindio","tag-sacheen-littlefeather","tag-wounded-knee"],"jetpack_featured_media_url":"https:\/\/elradar.info\/wp-content\/uploads\/2022\/08\/WhatsApp-Image-2022-08-16-at-3.11.31-PM-1.jpeg","jetpack_sharing_enabled":true,"amp_enabled":true,"_links":{"self":[{"href":"https:\/\/elradar.info\/index.php?rest_route=\/wp\/v2\/posts\/26774","targetHints":{"allow":["GET"]}}],"collection":[{"href":"https:\/\/elradar.info\/index.php?rest_route=\/wp\/v2\/posts"}],"about":[{"href":"https:\/\/elradar.info\/index.php?rest_route=\/wp\/v2\/types\/post"}],"author":[{"embeddable":true,"href":"https:\/\/elradar.info\/index.php?rest_route=\/wp\/v2\/users\/2"}],"replies":[{"embeddable":true,"href":"https:\/\/elradar.info\/index.php?rest_route=%2Fwp%2Fv2%2Fcomments&post=26774"}],"version-history":[{"count":1,"href":"https:\/\/elradar.info\/index.php?rest_route=\/wp\/v2\/posts\/26774\/revisions"}],"predecessor-version":[{"id":26778,"href":"https:\/\/elradar.info\/index.php?rest_route=\/wp\/v2\/posts\/26774\/revisions\/26778"}],"wp:featuredmedia":[{"embeddable":true,"href":"https:\/\/elradar.info\/index.php?rest_route=\/wp\/v2\/media\/26777"}],"wp:attachment":[{"href":"https:\/\/elradar.info\/index.php?rest_route=%2Fwp%2Fv2%2Fmedia&parent=26774"}],"wp:term":[{"taxonomy":"category","embeddable":true,"href":"https:\/\/elradar.info\/index.php?rest_route=%2Fwp%2Fv2%2Fcategories&post=26774"},{"taxonomy":"post_tag","embeddable":true,"href":"https:\/\/elradar.info\/index.php?rest_route=%2Fwp%2Fv2%2Ftags&post=26774"}],"curies":[{"name":"wp","href":"https:\/\/api.w.org\/{rel}","templated":true}]}}