{"id":26785,"date":"2022-08-17T10:45:14","date_gmt":"2022-08-17T14:45:14","guid":{"rendered":"http:\/\/elradar.info\/?p=26785"},"modified":"2024-02-01T12:16:01","modified_gmt":"2024-02-01T16:16:01","slug":"se-profundiza-y-fortalece-el-proceso-censal-tecnico-en-la-ciudad-de-el-alto","status":"publish","type":"post","link":"https:\/\/elradar.info\/?p=26785","title":{"rendered":"<strong>Se profundiza y fortalece el proceso censal t\u00e9cnico en la ciudad de El Alto&nbsp;<\/strong>"},"content":{"rendered":"\n<p>La reuni\u00f3n t\u00e9cnica de socializaci\u00f3n del Censo Nacional de Poblaci\u00f3n y Vivienda realizada en la ciudad de El Alto determin\u00f3 respaldar la reprogramaci\u00f3n del censo y el Decreto Supremo 4760 que lo posterga hasta 2024.<\/p>\n\n\n\n<p>La reuni\u00f3n dur\u00f3 m\u00e1s de cuatro horas entre las autoridades del Gobierno a la cabeza del ministro de Planificaci\u00f3n, Sergio Cusicanqui, la alcaldesa de la ciudad de El Alto, Eva Copa, autoridades de la Universidad P\u00fablica de El Alto (UPEA), la Asociaci\u00f3n de Municipalidades del departamento de La Paz (Agamdepaz), la Asociaci\u00f3n de Municipalidades de Bolivia (AMB), la Federaci\u00f3n de Asociaciones de Municipalidades de Bolivia (FAM) y personal t\u00e9cnico del INE.<\/p>\n\n\n\n<p>La alcaldesa de El Alto, Eva Copa, lider\u00f3 la cita y, en ese contexto, respald\u00f3 la premisa del Gobierno. <em>\u201cClaramente, reitero, nosotros como ciudad de El Alto estamos de acuerdo con el tema de la reprogramaci\u00f3n, porque se tiene que seguir pasos que nos dicen expertos internacionales que est\u00e1n entendidos en el tema del censo\u201d<\/em>, afirm\u00f3 la autoridad.<\/p>\n\n\n\n<p>Al ser consultada sobre la demanda de la Asamblea de la Alte\u00f1idad de realizar el censo en 2023, Copa asever\u00f3 que esta instancia determin\u00f3 que el proceso se impulse con un car\u00e1cter t\u00e9cnico y no pol\u00edtico.<\/p>\n\n\n\n<p>El ministro de Planificaci\u00f3n, Sergio Cusicanqui, manifest\u00f3 que<em> \u201ca trav\u00e9s de estas reuniones estamos demostrando que es posible despolitizar el proceso censal, encaminarlo y enmarcarlo en un di\u00e1logo netamente t\u00e9cnico y en todas las ciudades hemos coincidido los participantes que este proceso tiene que ser dialogado y discutido en un ambiente t\u00e9cnico\u201d<\/em>, afirm\u00f3.<\/p>\n","protected":false},"excerpt":{"rendered":"<p>La reuni\u00f3n t\u00e9cnica de socializaci\u00f3n del Censo Nacional de Poblaci\u00f3n y Vivienda realizada en la ciudad de El Alto determin\u00f3 respaldar la reprogramaci\u00f3n del censo y el Decreto Supremo 4760 que lo posterga hasta 2024. La reuni\u00f3n dur\u00f3 m\u00e1s de cuatro horas entre las autoridades del Gobierno a la cabeza del ministro de Planificaci\u00f3n, Sergio Cusicanqui, la alcaldesa de la ciudad de El Alto, Eva Copa, autoridades de la Universidad P\u00fablica de El Alto (UPEA), la Asociaci\u00f3n de Municipalidades del departamento de La Paz (Agamdepaz), la Asociaci\u00f3n de Municipalidades de Bolivia (AMB), la Federaci\u00f3n de Asociaciones de Municipalidades de Bolivia<\/p>\n","protected":false},"author":2,"featured_media":26787,"comment_status":"closed","ping_status":"open","sticky":false,"template":"","format":"standard","meta":{"_seopress_robots_primary_cat":"none","_seopress_titles_title":"","_seopress_titles_desc":"","_seopress_robots_index":"","_jetpack_memberships_contains_paid_content":false,"footnotes":""},"categories":[103],"tags":[3677,3676,109,3266,3673,401,274,3675,2431,456,3672,3674],"class_list":["post-26785","post","type-post","status-publish","format-standard","has-post-thumbnail","hentry","category-nacional","tag-asociacion-de-municipalidades-de-bolivia","tag-asociacion-de-municipalidades-del-departamento-de-la-paz","tag-bolivia","tag-censo-nacional-de-poblacion-y-vivienda","tag-decreto-supremo-4760","tag-el-alto","tag-eva-copa","tag-federacion-de-asociaciones-de-municipalidades-de-bolivia","tag-instituto-nacional-de-estadistica","tag-reunion","tag-reunion-tecnica-de-socializacion","tag-universidad-publica-de-el-alto"],"jetpack_featured_media_url":"https:\/\/elradar.info\/wp-content\/uploads\/2022\/08\/299986473_371812245115073_2346479569382461638_n.jpg","jetpack_sharing_enabled":true,"amp_enabled":true,"_links":{"self":[{"href":"https:\/\/elradar.info\/index.php?rest_route=\/wp\/v2\/posts\/26785","targetHints":{"allow":["GET"]}}],"collection":[{"href":"https:\/\/elradar.info\/index.php?rest_route=\/wp\/v2\/posts"}],"about":[{"href":"https:\/\/elradar.info\/index.php?rest_route=\/wp\/v2\/types\/post"}],"author":[{"embeddable":true,"href":"https:\/\/elradar.info\/index.php?rest_route=\/wp\/v2\/users\/2"}],"replies":[{"embeddable":true,"href":"https:\/\/elradar.info\/index.php?rest_route=%2Fwp%2Fv2%2Fcomments&post=26785"}],"version-history":[{"count":1,"href":"https:\/\/elradar.info\/index.php?rest_route=\/wp\/v2\/posts\/26785\/revisions"}],"predecessor-version":[{"id":26788,"href":"https:\/\/elradar.info\/index.php?rest_route=\/wp\/v2\/posts\/26785\/revisions\/26788"}],"wp:featuredmedia":[{"embeddable":true,"href":"https:\/\/elradar.info\/index.php?rest_route=\/wp\/v2\/media\/26787"}],"wp:attachment":[{"href":"https:\/\/elradar.info\/index.php?rest_route=%2Fwp%2Fv2%2Fmedia&parent=26785"}],"wp:term":[{"taxonomy":"category","embeddable":true,"href":"https:\/\/elradar.info\/index.php?rest_route=%2Fwp%2Fv2%2Fcategories&post=26785"},{"taxonomy":"post_tag","embeddable":true,"href":"https:\/\/elradar.info\/index.php?rest_route=%2Fwp%2Fv2%2Ftags&post=26785"}],"curies":[{"name":"wp","href":"https:\/\/api.w.org\/{rel}","templated":true}]}}