{"id":26805,"date":"2022-08-17T11:55:38","date_gmt":"2022-08-17T15:55:38","guid":{"rendered":"http:\/\/elradar.info\/?p=26805"},"modified":"2024-02-01T12:16:01","modified_gmt":"2024-02-01T16:16:01","slug":"mujer-policia-que-denuncio-abuso-sexual-sufre-amenazas-en-su-trabajo","status":"publish","type":"post","link":"https:\/\/elradar.info\/?p=26805","title":{"rendered":"<strong>Mujer polic\u00eda que denunci\u00f3 abuso sexual sufre amenazas en su trabajo<\/strong>"},"content":{"rendered":"\n<p>Am\u00e9rico Avenda\u00f1o, abogado de una mujer polic\u00eda que denunci\u00f3 haber sido v\u00edctima de abuso sexual en 2019, inform\u00f3 que la denuncia no avanza y que su defendida sufre constantes amenazas, incluso podr\u00eda ser dada de baja de la instituci\u00f3n.<\/p>\n\n\n\n<p><em>\u201cEstamos frente a un caso de abusos sexual, esta que se da contra la suboficial segunda Rosario. E.D., el hecho ocurri\u00f3 el a\u00f1o pasado cuando la suboficial era parte de Bol 110\u201d<\/em>, manifest\u00f3 Avenda\u00f1o.<\/p>\n\n\n\n<p>En una primera instancia, se habr\u00eda hecho la denuncia ante la Direcci\u00f3n Departamental de Investigaci\u00f3n Interna (DIDIPI), con el fin de que se les d\u00e9 una sanci\u00f3n disciplinaria a los polic\u00edas, sin embargo, la misma fue rechazada y se la dirigi\u00f3 por v\u00eda ordinaria al Ministerio P\u00fablico, donde la fiscal Miranda tambi\u00e9n la rechaz\u00f3.<\/p>\n\n\n\n<p>\u201c<em>A ra\u00edz de todo esto, ella tuvo que pasar un viacrucis tanto en su trabajo como fuera del trabajo<\/em>\u201d, asever\u00f3 Avenda\u00f1o. Detall\u00f3 que a partir de la denuncia, Rosario fue v\u00edctima de discriminaci\u00f3n en su fuente de trabajo, donde, por ejemplo, la enviaron a destinos de un d\u00eda para otro.<\/p>\n","protected":false},"excerpt":{"rendered":"<p>Am\u00e9rico Avenda\u00f1o, abogado de una mujer polic\u00eda que denunci\u00f3 haber sido v\u00edctima de abuso sexual en 2019, inform\u00f3 que la denuncia no avanza y que su defendida sufre constantes amenazas, incluso podr\u00eda ser dada de baja de la instituci\u00f3n. \u201cEstamos frente a un caso de abusos sexual, esta que se da contra la suboficial segunda Rosario. E.D., el hecho ocurri\u00f3 el a\u00f1o pasado cuando la suboficial era parte de Bol 110\u201d, manifest\u00f3 Avenda\u00f1o. En una primera instancia, se habr\u00eda hecho la denuncia ante la Direcci\u00f3n Departamental de Investigaci\u00f3n Interna (DIDIPI), con el fin de que se les d\u00e9 una sanci\u00f3n<\/p>\n","protected":false},"author":2,"featured_media":26807,"comment_status":"closed","ping_status":"open","sticky":false,"template":"","format":"standard","meta":{"_seopress_robots_primary_cat":"none","_seopress_titles_title":"","_seopress_titles_desc":"","_seopress_robots_index":"","_jetpack_memberships_contains_paid_content":false,"footnotes":""},"categories":[103],"tags":[3687,2090,3688,3689,109,530,575,3686,1169],"class_list":["post-26805","post","type-post","status-publish","format-standard","has-post-thumbnail","hentry","category-nacional","tag-abuso-sexual","tag-amenazas","tag-americo-avendano","tag-bol-110","tag-bolivia","tag-direccion-departamental-de-investigacion-interna","tag-ministerio-publico","tag-mujer-policia","tag-policia-boliviana"],"jetpack_featured_media_url":"https:\/\/elradar.info\/wp-content\/uploads\/2022\/08\/299997725_3354653744811253_9212073055349816980_n.jpg","jetpack_sharing_enabled":true,"amp_enabled":true,"_links":{"self":[{"href":"https:\/\/elradar.info\/index.php?rest_route=\/wp\/v2\/posts\/26805","targetHints":{"allow":["GET"]}}],"collection":[{"href":"https:\/\/elradar.info\/index.php?rest_route=\/wp\/v2\/posts"}],"about":[{"href":"https:\/\/elradar.info\/index.php?rest_route=\/wp\/v2\/types\/post"}],"author":[{"embeddable":true,"href":"https:\/\/elradar.info\/index.php?rest_route=\/wp\/v2\/users\/2"}],"replies":[{"embeddable":true,"href":"https:\/\/elradar.info\/index.php?rest_route=%2Fwp%2Fv2%2Fcomments&post=26805"}],"version-history":[{"count":1,"href":"https:\/\/elradar.info\/index.php?rest_route=\/wp\/v2\/posts\/26805\/revisions"}],"predecessor-version":[{"id":26808,"href":"https:\/\/elradar.info\/index.php?rest_route=\/wp\/v2\/posts\/26805\/revisions\/26808"}],"wp:featuredmedia":[{"embeddable":true,"href":"https:\/\/elradar.info\/index.php?rest_route=\/wp\/v2\/media\/26807"}],"wp:attachment":[{"href":"https:\/\/elradar.info\/index.php?rest_route=%2Fwp%2Fv2%2Fmedia&parent=26805"}],"wp:term":[{"taxonomy":"category","embeddable":true,"href":"https:\/\/elradar.info\/index.php?rest_route=%2Fwp%2Fv2%2Fcategories&post=26805"},{"taxonomy":"post_tag","embeddable":true,"href":"https:\/\/elradar.info\/index.php?rest_route=%2Fwp%2Fv2%2Ftags&post=26805"}],"curies":[{"name":"wp","href":"https:\/\/api.w.org\/{rel}","templated":true}]}}