{"id":26880,"date":"2022-08-18T15:50:28","date_gmt":"2022-08-18T19:50:28","guid":{"rendered":"http:\/\/elradar.info\/?p=26880"},"modified":"2024-02-01T12:16:00","modified_gmt":"2024-02-01T16:16:00","slug":"como-se-puede-prevenir-el-contagio-de-la-viruela-del-mono","status":"publish","type":"post","link":"https:\/\/elradar.info\/?p=26880","title":{"rendered":"<strong>\u00bfC\u00f3mo se puede prevenir el contagio de la viruela del mono?<\/strong>"},"content":{"rendered":"\n<p>Los casos de viruela del mono siguen creciendo en todo el mundo, en Bolivia con los tres nuevos contagios en Santa Cruz \u00e9ste departamento tiene 29 casos de viruela s\u00edmica, seguido de Potos\u00ed con uno al igual que en La Paz.<\/p>\n\n\n\n<p>Aunque las cifras parezcan microsc\u00f3picas en relaci\u00f3n a las que la pandemia de coronavirus nos ha acostumbrado a ver, es importante entender cu\u00e1les son los s\u00edntomas y c\u00f3mo se produce el contagio.&nbsp;<\/p>\n\n\n\n<p>La viruela del mono, que por lo general dura de 2 a 4 semanas, provoca cuadros caracterizados por fiebre, cefalea, dolor muscular, unas lesiones caracter\u00edsticas en la piel e inflamaci\u00f3n de los ganglios; el contagio puede producirse desde que aparecen esas lesiones hasta que se curan, y se da por contacto con las erupciones y las costras que las cubren o con los fluidos corporales.<\/p>\n\n\n\n<p>Por tanto, se considera que hay riesgo de contagio ante cualquier contacto f\u00edsico con una persona sintom\u00e1tica, sus fluidos u objetos usados por ella, especialmente si ese contacto ha sido estrecho y prolongado (siendo el caso m\u00e1s extremo el contacto sexual).<\/p>\n\n\n\n<p>Por esto, la OMS recomienda a los grupos de riesgo (que en este momento son los hombres que mantienen relaciones sexuales con otros hombres) que sean cuidadosos con sus pr\u00e1cticas sexuales, que est\u00e9n atentos a cualquier s\u00edntoma y que se comuniquen con sus parejas sexuales para informarse mutuamente sobre cualquier s\u00edntoma que surja.<\/p>\n\n\n\n<p>&nbsp;&nbsp;&nbsp;Los cient\u00edficos todav\u00eda est\u00e1n investigando:<\/p>\n\n\n\n<ul class=\"wp-block-list\"><li>Si el virus puede transmitirse cuando alguien no tiene s\u00edntomas.<\/li><li>Con qu\u00e9 frecuencia se transmite la viruela s\u00edmica o del mono a trav\u00e9s de las secreciones respiratorias, o cu\u00e1ndo es m\u00e1s probable que una persona con s\u00edntomas de viruela s\u00edmica o del mono la propague a trav\u00e9s de las secreciones respiratorias.<\/li><li>Si la viruela s\u00edmica o del mono se puede transmitir a trav\u00e9s del semen, las secreciones vaginales, la orina o las heces.<\/li><\/ul>\n","protected":false},"excerpt":{"rendered":"<p>Los casos de viruela del mono siguen creciendo en todo el mundo, en Bolivia con los tres nuevos contagios en Santa Cruz \u00e9ste departamento tiene 29 casos de viruela s\u00edmica, seguido de Potos\u00ed con uno al igual que en La Paz. Aunque las cifras parezcan microsc\u00f3picas en relaci\u00f3n a las que la pandemia de coronavirus nos ha acostumbrado a ver, es importante entender cu\u00e1les son los s\u00edntomas y c\u00f3mo se produce el contagio.&nbsp; La viruela del mono, que por lo general dura de 2 a 4 semanas, provoca cuadros caracterizados por fiebre, cefalea, dolor muscular, unas lesiones caracter\u00edsticas en la<\/p>\n","protected":false},"author":2,"featured_media":26882,"comment_status":"closed","ping_status":"open","sticky":false,"template":"","format":"standard","meta":{"_seopress_robots_primary_cat":"none","_seopress_titles_title":"","_seopress_titles_desc":"","_seopress_robots_index":"","_jetpack_memberships_contains_paid_content":false,"footnotes":""},"categories":[201],"tags":[109,3731,498,3732,229,2013,3403],"class_list":["post-26880","post","type-post","status-publish","format-standard","has-post-thumbnail","hentry","category-salud","tag-bolivia","tag-contagio","tag-oms","tag-prevencion","tag-salud","tag-viruela-del-mono","tag-viruela-simica"],"jetpack_featured_media_url":"https:\/\/elradar.info\/wp-content\/uploads\/2022\/08\/descarga-2-1.jpg","jetpack_sharing_enabled":true,"amp_enabled":true,"_links":{"self":[{"href":"https:\/\/elradar.info\/index.php?rest_route=\/wp\/v2\/posts\/26880","targetHints":{"allow":["GET"]}}],"collection":[{"href":"https:\/\/elradar.info\/index.php?rest_route=\/wp\/v2\/posts"}],"about":[{"href":"https:\/\/elradar.info\/index.php?rest_route=\/wp\/v2\/types\/post"}],"author":[{"embeddable":true,"href":"https:\/\/elradar.info\/index.php?rest_route=\/wp\/v2\/users\/2"}],"replies":[{"embeddable":true,"href":"https:\/\/elradar.info\/index.php?rest_route=%2Fwp%2Fv2%2Fcomments&post=26880"}],"version-history":[{"count":1,"href":"https:\/\/elradar.info\/index.php?rest_route=\/wp\/v2\/posts\/26880\/revisions"}],"predecessor-version":[{"id":26883,"href":"https:\/\/elradar.info\/index.php?rest_route=\/wp\/v2\/posts\/26880\/revisions\/26883"}],"wp:featuredmedia":[{"embeddable":true,"href":"https:\/\/elradar.info\/index.php?rest_route=\/wp\/v2\/media\/26882"}],"wp:attachment":[{"href":"https:\/\/elradar.info\/index.php?rest_route=%2Fwp%2Fv2%2Fmedia&parent=26880"}],"wp:term":[{"taxonomy":"category","embeddable":true,"href":"https:\/\/elradar.info\/index.php?rest_route=%2Fwp%2Fv2%2Fcategories&post=26880"},{"taxonomy":"post_tag","embeddable":true,"href":"https:\/\/elradar.info\/index.php?rest_route=%2Fwp%2Fv2%2Ftags&post=26880"}],"curies":[{"name":"wp","href":"https:\/\/api.w.org\/{rel}","templated":true}]}}