{"id":26952,"date":"2022-08-22T11:05:56","date_gmt":"2022-08-22T15:05:56","guid":{"rendered":"http:\/\/elradar.info\/?p=26952"},"modified":"2024-02-01T12:15:59","modified_gmt":"2024-02-01T16:15:59","slug":"bolivia-entro-a-la-desescalada-de-la-quinta-ola-de-covid-19","status":"publish","type":"post","link":"https:\/\/elradar.info\/?p=26952","title":{"rendered":"<strong>Bolivia entr\u00f3 a la desescalada de la quinta ola de Covid 19<\/strong>"},"content":{"rendered":"\n<p>En el informe correspondiente a la semana epidemiol\u00f3gica 33, el ministro de salud, Jeyson Auza, confirm\u00f3 que Bolivia entr\u00f3 a una desescalada de casos de Covid 19, con un descenso del 39% respecto a la semana anterior.<\/p>\n\n\n\n<p><em>\u201cEn la semana epidemiol\u00f3gica 33 se han reportado 11.314 casos, son 7.120 casos menos que la semana anterior, esto representa una reducci\u00f3n de -39% a nivel nacional, los 9 departamentos del pa\u00eds presentan esta reducci\u00f3n lo que representa la tercera semana de disminuci\u00f3n y podemos decir al pueblo boliviano que estamos en desescalada de la pandemia\u201d<\/em>, afirm\u00f3 la autoridad en el informe semanal.<\/p>\n\n\n\n<p>La tasa de letalidad de la quinta ola se mantuvo en 0.1%, el porcentaje m\u00e1s bajo desde el inicio de la pandemia.<\/p>\n\n\n\n<p>En cuanto a la vacunaci\u00f3n, el Ministerio de Salud y Deportes inform\u00f3 que hasta la fecha se aplicaron 14.862.375 dosis entre la primera, segunda, tercera, unidosis y cuarta dosis a los diferentes grupos etarios de las vacunas Sputnik V, AstraZeneca, Sinopharm, Pfizer y Janssen en todo el territorio nacional.<\/p>\n","protected":false},"excerpt":{"rendered":"<p>En el informe correspondiente a la semana epidemiol\u00f3gica 33, el ministro de salud, Jeyson Auza, confirm\u00f3 que Bolivia entr\u00f3 a una desescalada de casos de Covid 19, con un descenso del 39% respecto a la semana anterior. \u201cEn la semana epidemiol\u00f3gica 33 se han reportado 11.314 casos, son 7.120 casos menos que la semana anterior, esto representa una reducci\u00f3n de -39% a nivel nacional, los 9 departamentos del pa\u00eds presentan esta reducci\u00f3n lo que representa la tercera semana de disminuci\u00f3n y podemos decir al pueblo boliviano que estamos en desescalada de la pandemia\u201d, afirm\u00f3 la autoridad en el informe semanal.<\/p>\n","protected":false},"author":2,"featured_media":26954,"comment_status":"closed","ping_status":"open","sticky":false,"template":"","format":"standard","meta":{"_seopress_robots_primary_cat":"none","_seopress_titles_title":"","_seopress_titles_desc":"","_seopress_robots_index":"","_jetpack_memberships_contains_paid_content":false,"footnotes":""},"categories":[103,201],"tags":[109,474,533,252,398,2232],"class_list":["post-26952","post","type-post","status-publish","format-standard","has-post-thumbnail","hentry","category-nacional","category-salud","tag-bolivia","tag-covid-19","tag-desescalada","tag-jeyson-auza","tag-ministerio-de-salud-y-deportes","tag-quinta-ola"],"jetpack_featured_media_url":"https:\/\/elradar.info\/wp-content\/uploads\/2022\/08\/299783723_447114454125508_5583015374455967929_n.jpg","jetpack_sharing_enabled":true,"amp_enabled":true,"_links":{"self":[{"href":"https:\/\/elradar.info\/index.php?rest_route=\/wp\/v2\/posts\/26952","targetHints":{"allow":["GET"]}}],"collection":[{"href":"https:\/\/elradar.info\/index.php?rest_route=\/wp\/v2\/posts"}],"about":[{"href":"https:\/\/elradar.info\/index.php?rest_route=\/wp\/v2\/types\/post"}],"author":[{"embeddable":true,"href":"https:\/\/elradar.info\/index.php?rest_route=\/wp\/v2\/users\/2"}],"replies":[{"embeddable":true,"href":"https:\/\/elradar.info\/index.php?rest_route=%2Fwp%2Fv2%2Fcomments&post=26952"}],"version-history":[{"count":1,"href":"https:\/\/elradar.info\/index.php?rest_route=\/wp\/v2\/posts\/26952\/revisions"}],"predecessor-version":[{"id":26955,"href":"https:\/\/elradar.info\/index.php?rest_route=\/wp\/v2\/posts\/26952\/revisions\/26955"}],"wp:featuredmedia":[{"embeddable":true,"href":"https:\/\/elradar.info\/index.php?rest_route=\/wp\/v2\/media\/26954"}],"wp:attachment":[{"href":"https:\/\/elradar.info\/index.php?rest_route=%2Fwp%2Fv2%2Fmedia&parent=26952"}],"wp:term":[{"taxonomy":"category","embeddable":true,"href":"https:\/\/elradar.info\/index.php?rest_route=%2Fwp%2Fv2%2Fcategories&post=26952"},{"taxonomy":"post_tag","embeddable":true,"href":"https:\/\/elradar.info\/index.php?rest_route=%2Fwp%2Fv2%2Ftags&post=26952"}],"curies":[{"name":"wp","href":"https:\/\/api.w.org\/{rel}","templated":true}]}}