{"id":27085,"date":"2022-08-25T10:41:07","date_gmt":"2022-08-25T14:41:07","guid":{"rendered":"http:\/\/elradar.info\/?p=27085"},"modified":"2024-02-01T12:15:57","modified_gmt":"2024-02-01T16:15:57","slug":"gran-marcha-en-apoyo-al-gobierno-serpentea-por-la-ciudad-rumbo-a-la-plaza-mayor","status":"publish","type":"post","link":"https:\/\/elradar.info\/?p=27085","title":{"rendered":"<strong>Gran marcha en apoyo al gobierno serpentea por la ciudad rumbo a la plaza mayor<\/strong>"},"content":{"rendered":"\n<p>En una multitudinaria concentraci\u00f3n que inici\u00f3 a las tres de la ma\u00f1ana, miles de personas se dieron cita en la Ceja de El Alto, para participar de la marcha convocada en respaldo al gobierno de Luis Arce Catacora y el vicepresidente David Choquehuanca.<\/p>\n\n\n\n<p>La misma cuenta con la presencia de sectores sociales de todo el pa\u00eds, quienes comparten la intenci\u00f3n de defender al gobierno nacional de los m\u00faltiples ataques recibidos por la oposici\u00f3n.<\/p>\n\n\n\n<p>La marcha, recorrer\u00e1 las avenidas Naciones Unidas, Parque la Portada, final Kollasuyo, Entre R\u00edos, Cementerio, Baptista, Garita de Lima, Tumusla, Pando, Montes para terminar en plaza Mayor de San Francisco, donde se llevar\u00e1 a cabo una masiva concentraci\u00f3n.<\/p>\n\n\n\n<p>En las primeras im\u00e1genes difundidas por los medios de comunicaci\u00f3n puede verse una interminable fila de personas que bajan por la autopista que une las ciudades de La Paz y El Alto. El presidente y el vicepresidente encabezan la misma junto a otras autoridades gubernamentales.<\/p>\n","protected":false},"excerpt":{"rendered":"<p>En una multitudinaria concentraci\u00f3n que inici\u00f3 a las tres de la ma\u00f1ana, miles de personas se dieron cita en la Ceja de El Alto, para participar de la marcha convocada en respaldo al gobierno de Luis Arce Catacora y el vicepresidente David Choquehuanca. La misma cuenta con la presencia de sectores sociales de todo el pa\u00eds, quienes comparten la intenci\u00f3n de defender al gobierno nacional de los m\u00faltiples ataques recibidos por la oposici\u00f3n. La marcha, recorrer\u00e1 las avenidas Naciones Unidas, Parque la Portada, final Kollasuyo, Entre R\u00edos, Cementerio, Baptista, Garita de Lima, Tumusla, Pando, Montes para terminar en plaza Mayor<\/p>\n","protected":false},"author":2,"featured_media":27087,"comment_status":"closed","ping_status":"open","sticky":false,"template":"","format":"standard","meta":{"_seopress_robots_primary_cat":"none","_seopress_titles_title":"","_seopress_titles_desc":"","_seopress_robots_index":"","_jetpack_memberships_contains_paid_content":false,"footnotes":""},"categories":[103],"tags":[109,144,401,293,132,3772],"class_list":["post-27085","post","type-post","status-publish","format-standard","has-post-thumbnail","hentry","category-nacional","tag-bolivia","tag-david-choquehuanca","tag-el-alto","tag-la-paz","tag-luis-arce","tag-marcha-de-respaldo-al-gobierno-de-luis-arce"],"jetpack_featured_media_url":"https:\/\/elradar.info\/wp-content\/uploads\/2022\/08\/WhatsApp-Image-2022-08-25-at-10.09.25-AM-2.jpeg","jetpack_sharing_enabled":true,"amp_enabled":true,"_links":{"self":[{"href":"https:\/\/elradar.info\/index.php?rest_route=\/wp\/v2\/posts\/27085","targetHints":{"allow":["GET"]}}],"collection":[{"href":"https:\/\/elradar.info\/index.php?rest_route=\/wp\/v2\/posts"}],"about":[{"href":"https:\/\/elradar.info\/index.php?rest_route=\/wp\/v2\/types\/post"}],"author":[{"embeddable":true,"href":"https:\/\/elradar.info\/index.php?rest_route=\/wp\/v2\/users\/2"}],"replies":[{"embeddable":true,"href":"https:\/\/elradar.info\/index.php?rest_route=%2Fwp%2Fv2%2Fcomments&post=27085"}],"version-history":[{"count":1,"href":"https:\/\/elradar.info\/index.php?rest_route=\/wp\/v2\/posts\/27085\/revisions"}],"predecessor-version":[{"id":27088,"href":"https:\/\/elradar.info\/index.php?rest_route=\/wp\/v2\/posts\/27085\/revisions\/27088"}],"wp:featuredmedia":[{"embeddable":true,"href":"https:\/\/elradar.info\/index.php?rest_route=\/wp\/v2\/media\/27087"}],"wp:attachment":[{"href":"https:\/\/elradar.info\/index.php?rest_route=%2Fwp%2Fv2%2Fmedia&parent=27085"}],"wp:term":[{"taxonomy":"category","embeddable":true,"href":"https:\/\/elradar.info\/index.php?rest_route=%2Fwp%2Fv2%2Fcategories&post=27085"},{"taxonomy":"post_tag","embeddable":true,"href":"https:\/\/elradar.info\/index.php?rest_route=%2Fwp%2Fv2%2Ftags&post=27085"}],"curies":[{"name":"wp","href":"https:\/\/api.w.org\/{rel}","templated":true}]}}