{"id":27168,"date":"2022-08-25T16:49:22","date_gmt":"2022-08-25T20:49:22","guid":{"rendered":"http:\/\/elradar.info\/?p=27168"},"modified":"2024-02-01T12:15:56","modified_gmt":"2024-02-01T16:15:56","slug":"yo-no-me-siento-solo-expreso-luis-arce-en-el-marco-de-la-marcha-por-la-democracia","status":"publish","type":"post","link":"https:\/\/elradar.info\/?p=27168","title":{"rendered":"<strong>\u201cYo no me siento solo\u201d expres\u00f3 Luis Arce en el marco de la Marcha por la Democracia<\/strong>"},"content":{"rendered":"\n<p>En el marco de la Marcha por la Democracia, el presidente Luis Arce Catacora tom\u00f3 la palabra para agradecer el contundente apoyo de la poblaci\u00f3n reunida en la plaza San Francisco.<\/p>\n\n\n\n<p><em>\u201cQuiero agradecer al pueblo boliviano, porque su madurez se ha impuesto\u2026 est\u00e1n dando muestra, con su sabidur\u00eda, que lo m\u00e1s importante que tenemos que defender es nuestra democracia\u201d<\/em>, expres\u00f3 Arce.<\/p>\n\n\n\n<p>El presidente se refiri\u00f3 a los intentos de la derecha por desestabilizar su gobierno, as\u00ed como a recientes rumores de golpe de estado: \u201c<em>El pueblo no quiere golpes, quiere trabajar, progresar, industrializar y crear fuentes de empleo. El pueblo no se va a dejar seducir ni sorprender por la derecha<\/em>\u201d, continu\u00f3.<\/p>\n\n\n\n<p>Tambi\u00e9n mencion\u00f3 sentirse muy motivado por las muestras de apoyo y solidaridad recibidas por ciudadanos y organizaciones sociales que participaron en la marcha, y recalc\u00f3 sus intenciones de mantener la estabilidad y la unidad del pa\u00eds:<\/p>\n\n\n\n<p>\u201c<em>Yo no me siento solo, hermanos. Estamos muy motivados y muy fortalecidos por ustedes, y tengan la seguridad de que nunca vamos a traicionar la unidad y los intereses del pueblo boliviano<\/em>\u201d, finaliz\u00f3.<\/p>\n","protected":false},"excerpt":{"rendered":"<p>En el marco de la Marcha por la Democracia, el presidente Luis Arce Catacora tom\u00f3 la palabra para agradecer el contundente apoyo de la poblaci\u00f3n reunida en la plaza San Francisco. \u201cQuiero agradecer al pueblo boliviano, porque su madurez se ha impuesto\u2026 est\u00e1n dando muestra, con su sabidur\u00eda, que lo m\u00e1s importante que tenemos que defender es nuestra democracia\u201d, expres\u00f3 Arce. El presidente se refiri\u00f3 a los intentos de la derecha por desestabilizar su gobierno, as\u00ed como a recientes rumores de golpe de estado: \u201cEl pueblo no quiere golpes, quiere trabajar, progresar, industrializar y crear fuentes de empleo. El pueblo<\/p>\n","protected":false},"author":2,"featured_media":27170,"comment_status":"closed","ping_status":"open","sticky":false,"template":"","format":"standard","meta":{"_seopress_robots_primary_cat":"none","_seopress_titles_title":"","_seopress_titles_desc":"","_seopress_robots_index":"","_jetpack_memberships_contains_paid_content":false,"footnotes":""},"categories":[103],"tags":[109,3819,144,592,293,120,3772,3093],"class_list":["post-27168","post","type-post","status-publish","format-standard","has-post-thumbnail","hentry","category-nacional","tag-bolivia","tag-concentracion","tag-david-choquehuanca","tag-discurso","tag-la-paz","tag-luis-arce-catacora","tag-marcha-de-respaldo-al-gobierno-de-luis-arce","tag-plaza-de-san-francisco"],"jetpack_featured_media_url":"https:\/\/elradar.info\/wp-content\/uploads\/2022\/08\/IMG_6870-scaled.jpg","jetpack_sharing_enabled":true,"amp_enabled":true,"_links":{"self":[{"href":"https:\/\/elradar.info\/index.php?rest_route=\/wp\/v2\/posts\/27168","targetHints":{"allow":["GET"]}}],"collection":[{"href":"https:\/\/elradar.info\/index.php?rest_route=\/wp\/v2\/posts"}],"about":[{"href":"https:\/\/elradar.info\/index.php?rest_route=\/wp\/v2\/types\/post"}],"author":[{"embeddable":true,"href":"https:\/\/elradar.info\/index.php?rest_route=\/wp\/v2\/users\/2"}],"replies":[{"embeddable":true,"href":"https:\/\/elradar.info\/index.php?rest_route=%2Fwp%2Fv2%2Fcomments&post=27168"}],"version-history":[{"count":1,"href":"https:\/\/elradar.info\/index.php?rest_route=\/wp\/v2\/posts\/27168\/revisions"}],"predecessor-version":[{"id":27171,"href":"https:\/\/elradar.info\/index.php?rest_route=\/wp\/v2\/posts\/27168\/revisions\/27171"}],"wp:featuredmedia":[{"embeddable":true,"href":"https:\/\/elradar.info\/index.php?rest_route=\/wp\/v2\/media\/27170"}],"wp:attachment":[{"href":"https:\/\/elradar.info\/index.php?rest_route=%2Fwp%2Fv2%2Fmedia&parent=27168"}],"wp:term":[{"taxonomy":"category","embeddable":true,"href":"https:\/\/elradar.info\/index.php?rest_route=%2Fwp%2Fv2%2Fcategories&post=27168"},{"taxonomy":"post_tag","embeddable":true,"href":"https:\/\/elradar.info\/index.php?rest_route=%2Fwp%2Fv2%2Ftags&post=27168"}],"curies":[{"name":"wp","href":"https:\/\/api.w.org\/{rel}","templated":true}]}}