{"id":27186,"date":"2022-08-26T11:48:04","date_gmt":"2022-08-26T15:48:04","guid":{"rendered":"http:\/\/elradar.info\/?p=27186"},"modified":"2024-02-01T12:15:56","modified_gmt":"2024-02-01T16:15:56","slug":"jeyson-auza-festejo-a-adultos-mayores-en-el-alto","status":"publish","type":"post","link":"https:\/\/elradar.info\/?p=27186","title":{"rendered":"<strong>Jeyson Auza festej\u00f3 a adultos mayores en El Alto<\/strong>"},"content":{"rendered":"\n<p>En el marco del 26 de agosto, D\u00eda del Adulto Mayor en Bolivia, instituido mediante Decreto Supremo del 17 de diciembre de 1948 y ratificado por el presidente Evo Morales en 2013. El ministro de Salud y Deportes, Jeyson Auza, comparti\u00f3 ayer con adultos mayores de la zona de Villa Adela en la ciudad de El Alto, a quienes les entreg\u00f3 paquetes de alimentos.<\/p>\n\n\n\n<p>\u201c<em>Nosotros somos lo que somos, gracias a ustedes, gracias hermanos, hermanas, pap\u00e1s, mam\u00e1s, gracias, gracias abuelitos y abuelitas con profundo cari\u00f1o y felicidades en este d\u00eda. A nombre del presidente Luis Arce Catacora, mil felicidades hermanas y hermanos, es important\u00edsimo este d\u00eda, quisiera abrazarlos a todos para sentir el cari\u00f1o y el reconocimiento de todo lo que han hecho<\/em>\u201d, dijo el ministro en el encuentro.<\/p>\n\n\n\n<p>Los pastores de la Iglesia de los Santos de los \u00daltimos D\u00edas fueron los encargados de llevar a cabo las gestiones para el encuentro, pues ellos organizan varias actividades con las personas de la tercera edad en la zona.<\/p>\n\n\n\n<p>Una de las asistentes agradeci\u00f3 con estas palabras la presencia de Jeyson Auza:<\/p>\n\n\n\n<p>\u201c<em>Agradecer al pastor de la iglesia, al se\u00f1or ministro de Salud por haberse acordado de Villa Adela, m\u00e1s que todo de los ancianos, le agradecemos de todo coraz\u00f3n porque la vejez es larga, la juventud es pasajera, de todas maneras, no se olviden de El Alto, de Villa Adela, la zona siempre va a estar con ustedes<\/em>\u201d, se\u00f1al\u00f3.<\/p>\n\n\n\n<figure class=\"wp-block-gallery has-nested-images columns-default is-cropped wp-block-gallery-1 is-layout-flex wp-block-gallery-is-layout-flex\">\n<figure class=\"wp-block-image size-large\"><img loading=\"lazy\" decoding=\"async\" width=\"1024\" height=\"768\" data-id=\"27190\" src=\"https:\/\/elradar.info\/wp-content\/uploads\/2022\/08\/301059957_183676277408912_8120384213263257110_n-1024x768.jpg\" alt=\"\" class=\"wp-image-27190\" srcset=\"https:\/\/elradar.info\/wp-content\/uploads\/2022\/08\/301059957_183676277408912_8120384213263257110_n-1024x768.jpg 1024w, https:\/\/elradar.info\/wp-content\/uploads\/2022\/08\/301059957_183676277408912_8120384213263257110_n-300x225.jpg 300w, https:\/\/elradar.info\/wp-content\/uploads\/2022\/08\/301059957_183676277408912_8120384213263257110_n-768x576.jpg 768w, https:\/\/elradar.info\/wp-content\/uploads\/2022\/08\/301059957_183676277408912_8120384213263257110_n-1536x1152.jpg 1536w, https:\/\/elradar.info\/wp-content\/uploads\/2022\/08\/301059957_183676277408912_8120384213263257110_n-480x360.jpg 480w, https:\/\/elradar.info\/wp-content\/uploads\/2022\/08\/301059957_183676277408912_8120384213263257110_n.jpg 2048w\" sizes=\"auto, (max-width: 1024px) 100vw, 1024px\" \/><\/figure>\n\n\n\n<figure class=\"wp-block-image size-large\"><img loading=\"lazy\" decoding=\"async\" width=\"1024\" height=\"768\" data-id=\"27189\" src=\"https:\/\/elradar.info\/wp-content\/uploads\/2022\/08\/300940897_183676270742246_5396594856205478434_n-1024x768.jpg\" alt=\"\" class=\"wp-image-27189\" srcset=\"https:\/\/elradar.info\/wp-content\/uploads\/2022\/08\/300940897_183676270742246_5396594856205478434_n-1024x768.jpg 1024w, https:\/\/elradar.info\/wp-content\/uploads\/2022\/08\/300940897_183676270742246_5396594856205478434_n-300x225.jpg 300w, https:\/\/elradar.info\/wp-content\/uploads\/2022\/08\/300940897_183676270742246_5396594856205478434_n-768x576.jpg 768w, https:\/\/elradar.info\/wp-content\/uploads\/2022\/08\/300940897_183676270742246_5396594856205478434_n-480x360.jpg 480w, https:\/\/elradar.info\/wp-content\/uploads\/2022\/08\/300940897_183676270742246_5396594856205478434_n.jpg 1280w\" sizes=\"auto, (max-width: 1024px) 100vw, 1024px\" \/><\/figure>\n<\/figure>\n","protected":false},"excerpt":{"rendered":"<p>En el marco del 26 de agosto, D\u00eda del Adulto Mayor en Bolivia, instituido mediante Decreto Supremo del 17 de diciembre de 1948 y ratificado por el presidente Evo Morales en 2013. El ministro de Salud y Deportes, Jeyson Auza, comparti\u00f3 ayer con adultos mayores de la zona de Villa Adela en la ciudad de El Alto, a quienes les entreg\u00f3 paquetes de alimentos. \u201cNosotros somos lo que somos, gracias a ustedes, gracias hermanos, hermanas, pap\u00e1s, mam\u00e1s, gracias, gracias abuelitos y abuelitas con profundo cari\u00f1o y felicidades en este d\u00eda. A nombre del presidente Luis Arce Catacora, mil felicidades hermanas<\/p>\n","protected":false},"author":2,"featured_media":27188,"comment_status":"closed","ping_status":"open","sticky":false,"template":"","format":"standard","meta":{"_seopress_robots_primary_cat":"none","_seopress_titles_title":"","_seopress_titles_desc":"","_seopress_robots_index":"","_jetpack_memberships_contains_paid_content":false,"footnotes":""},"categories":[103,201],"tags":[109,3835,401,3836,252,398],"class_list":["post-27186","post","type-post","status-publish","format-standard","has-post-thumbnail","hentry","category-nacional","category-salud","tag-bolivia","tag-dia-del-adulto-mayor","tag-el-alto","tag-entrega-de-alimentos","tag-jeyson-auza","tag-ministerio-de-salud-y-deportes"],"jetpack_featured_media_url":"https:\/\/elradar.info\/wp-content\/uploads\/2022\/08\/301767493_449913227178964_4316045514702501040_n.jpg","jetpack_sharing_enabled":true,"amp_enabled":true,"_links":{"self":[{"href":"https:\/\/elradar.info\/index.php?rest_route=\/wp\/v2\/posts\/27186","targetHints":{"allow":["GET"]}}],"collection":[{"href":"https:\/\/elradar.info\/index.php?rest_route=\/wp\/v2\/posts"}],"about":[{"href":"https:\/\/elradar.info\/index.php?rest_route=\/wp\/v2\/types\/post"}],"author":[{"embeddable":true,"href":"https:\/\/elradar.info\/index.php?rest_route=\/wp\/v2\/users\/2"}],"replies":[{"embeddable":true,"href":"https:\/\/elradar.info\/index.php?rest_route=%2Fwp%2Fv2%2Fcomments&post=27186"}],"version-history":[{"count":1,"href":"https:\/\/elradar.info\/index.php?rest_route=\/wp\/v2\/posts\/27186\/revisions"}],"predecessor-version":[{"id":27191,"href":"https:\/\/elradar.info\/index.php?rest_route=\/wp\/v2\/posts\/27186\/revisions\/27191"}],"wp:featuredmedia":[{"embeddable":true,"href":"https:\/\/elradar.info\/index.php?rest_route=\/wp\/v2\/media\/27188"}],"wp:attachment":[{"href":"https:\/\/elradar.info\/index.php?rest_route=%2Fwp%2Fv2%2Fmedia&parent=27186"}],"wp:term":[{"taxonomy":"category","embeddable":true,"href":"https:\/\/elradar.info\/index.php?rest_route=%2Fwp%2Fv2%2Fcategories&post=27186"},{"taxonomy":"post_tag","embeddable":true,"href":"https:\/\/elradar.info\/index.php?rest_route=%2Fwp%2Fv2%2Ftags&post=27186"}],"curies":[{"name":"wp","href":"https:\/\/api.w.org\/{rel}","templated":true}]}}