{"id":27252,"date":"2022-08-29T16:22:19","date_gmt":"2022-08-29T20:22:19","guid":{"rendered":"http:\/\/elradar.info\/?p=27252"},"modified":"2024-02-01T12:15:55","modified_gmt":"2024-02-01T16:15:55","slug":"mediante-la-ley-212-se-declara-a-felipe-quispe-huanca-heroe-departamental-de-la-paz","status":"publish","type":"post","link":"https:\/\/elradar.info\/?p=27252","title":{"rendered":"Mediante la Ley 212 se declara a Felipe Quispe Huanca \u201ch\u00e9roe departamental de La Paz\u201d"},"content":{"rendered":"\n<p>El gobernador Santos Quispe, hijo de Felipe Quispe, promulg\u00f3 este lunes la Ley Departamental 212 que declara \u201ch\u00e9roe departamental de La Paz\u201d a su fallecido padre, quien fue un guerrillero katarista, historiador, catedr\u00e1tico de universidad, pol\u00edtico indianista y activista ind\u00edgena aymara.<\/p>\n\n\n\n<p>\u201c<em>Felipe ha hecho un cambio en nuestro pa\u00eds. Si no fuera por ese tipo de personas como T\u00fapac Katari, Bartolina Sisa, Z\u00e1rate Willka, Felipe Quispe Huanca, nuestro pa\u00eds no pod\u00eda cambiar. Gracias a esos personajes somos libres, vivimos tranquilos. Hoy en d\u00eda nadie se cambia de apellido, estamos orgullosos de los apellidos Quispe, Mamani, Condori o Huanca<\/em>\u201d, manifest\u00f3 el gobernador.<\/p>\n\n\n\n<p>Felipe Quispe falleci\u00f3 el a\u00f1o pasado a los 78 a\u00f1os de edad, mientras se llevaba a cabo la campa\u00f1a por la gobernaci\u00f3n pace\u00f1a a la que era candidato. La candidatura fue asumida por Santos luego de la muerte de su padre.<\/p>\n\n\n\n<p>La amplia trayectoria pol\u00edtica de Quispe estuvo caracterizada por no someterse a mandato alguno, y por ser muy cr\u00edtico de la derecha y de algunos personajes, entre ellos, el mismo Evo Morales.<\/p>\n\n\n\n<figure class=\"wp-block-gallery has-nested-images columns-default is-cropped wp-block-gallery-1 is-layout-flex wp-block-gallery-is-layout-flex\">\n<figure class=\"wp-block-image size-large\"><img loading=\"lazy\" decoding=\"async\" width=\"1024\" height=\"722\" data-id=\"27255\" src=\"https:\/\/elradar.info\/wp-content\/uploads\/2022\/08\/301866091_5999410846769938_8017662229350434650_n-1024x722.jpg\" alt=\"\" class=\"wp-image-27255\" srcset=\"https:\/\/elradar.info\/wp-content\/uploads\/2022\/08\/301866091_5999410846769938_8017662229350434650_n-1024x722.jpg 1024w, https:\/\/elradar.info\/wp-content\/uploads\/2022\/08\/301866091_5999410846769938_8017662229350434650_n-300x212.jpg 300w, https:\/\/elradar.info\/wp-content\/uploads\/2022\/08\/301866091_5999410846769938_8017662229350434650_n-768x542.jpg 768w, https:\/\/elradar.info\/wp-content\/uploads\/2022\/08\/301866091_5999410846769938_8017662229350434650_n-480x339.jpg 480w, https:\/\/elradar.info\/wp-content\/uploads\/2022\/08\/301866091_5999410846769938_8017662229350434650_n.jpg 1280w\" sizes=\"auto, (max-width: 1024px) 100vw, 1024px\" \/><\/figure>\n\n\n\n<figure class=\"wp-block-image size-large\"><img loading=\"lazy\" decoding=\"async\" width=\"1024\" height=\"722\" data-id=\"27257\" src=\"https:\/\/elradar.info\/wp-content\/uploads\/2022\/08\/300054014_5999410836769939_205839074683520786_n-1024x722.jpg\" alt=\"\" class=\"wp-image-27257\" srcset=\"https:\/\/elradar.info\/wp-content\/uploads\/2022\/08\/300054014_5999410836769939_205839074683520786_n-1024x722.jpg 1024w, https:\/\/elradar.info\/wp-content\/uploads\/2022\/08\/300054014_5999410836769939_205839074683520786_n-300x212.jpg 300w, https:\/\/elradar.info\/wp-content\/uploads\/2022\/08\/300054014_5999410836769939_205839074683520786_n-768x542.jpg 768w, https:\/\/elradar.info\/wp-content\/uploads\/2022\/08\/300054014_5999410836769939_205839074683520786_n-480x339.jpg 480w, https:\/\/elradar.info\/wp-content\/uploads\/2022\/08\/300054014_5999410836769939_205839074683520786_n.jpg 1280w\" sizes=\"auto, (max-width: 1024px) 100vw, 1024px\" \/><\/figure>\n\n\n\n<figure class=\"wp-block-image size-large\"><img loading=\"lazy\" decoding=\"async\" width=\"1024\" height=\"722\" data-id=\"27256\" src=\"https:\/\/elradar.info\/wp-content\/uploads\/2022\/08\/301600181_3255048888102256_7740026366773208749_n-1024x722.jpg\" alt=\"\" class=\"wp-image-27256\" srcset=\"https:\/\/elradar.info\/wp-content\/uploads\/2022\/08\/301600181_3255048888102256_7740026366773208749_n-1024x722.jpg 1024w, https:\/\/elradar.info\/wp-content\/uploads\/2022\/08\/301600181_3255048888102256_7740026366773208749_n-300x212.jpg 300w, https:\/\/elradar.info\/wp-content\/uploads\/2022\/08\/301600181_3255048888102256_7740026366773208749_n-768x542.jpg 768w, https:\/\/elradar.info\/wp-content\/uploads\/2022\/08\/301600181_3255048888102256_7740026366773208749_n-480x339.jpg 480w, https:\/\/elradar.info\/wp-content\/uploads\/2022\/08\/301600181_3255048888102256_7740026366773208749_n.jpg 1280w\" sizes=\"auto, (max-width: 1024px) 100vw, 1024px\" \/><\/figure>\n<\/figure>\n","protected":false},"excerpt":{"rendered":"<p>El gobernador Santos Quispe, hijo de Felipe Quispe, promulg\u00f3 este lunes la Ley Departamental 212 que declara \u201ch\u00e9roe departamental de La Paz\u201d a su fallecido padre, quien fue un guerrillero katarista, historiador, catedr\u00e1tico de universidad, pol\u00edtico indianista y activista ind\u00edgena aymara. \u201cFelipe ha hecho un cambio en nuestro pa\u00eds. Si no fuera por ese tipo de personas como T\u00fapac Katari, Bartolina Sisa, Z\u00e1rate Willka, Felipe Quispe Huanca, nuestro pa\u00eds no pod\u00eda cambiar. Gracias a esos personajes somos libres, vivimos tranquilos. Hoy en d\u00eda nadie se cambia de apellido, estamos orgullosos de los apellidos Quispe, Mamani, Condori o Huanca\u201d, manifest\u00f3 el<\/p>\n","protected":false},"author":2,"featured_media":27254,"comment_status":"closed","ping_status":"open","sticky":false,"template":"","format":"standard","meta":{"_seopress_robots_primary_cat":"none","_seopress_titles_title":"","_seopress_titles_desc":"","_seopress_robots_index":"","_jetpack_memberships_contains_paid_content":false,"footnotes":""},"categories":[103],"tags":[109,3879,3881,293,3880,294],"class_list":["post-27252","post","type-post","status-publish","format-standard","has-post-thumbnail","hentry","category-nacional","tag-bolivia","tag-felipe-quispe-huanca","tag-heroe-departamental-de-la-paz","tag-la-paz","tag-ley-212","tag-santos-quispe"],"jetpack_featured_media_url":"https:\/\/elradar.info\/wp-content\/uploads\/2022\/08\/300589513_467107202096281_7311053215011773687_n.jpg","jetpack_sharing_enabled":true,"amp_enabled":true,"_links":{"self":[{"href":"https:\/\/elradar.info\/index.php?rest_route=\/wp\/v2\/posts\/27252","targetHints":{"allow":["GET"]}}],"collection":[{"href":"https:\/\/elradar.info\/index.php?rest_route=\/wp\/v2\/posts"}],"about":[{"href":"https:\/\/elradar.info\/index.php?rest_route=\/wp\/v2\/types\/post"}],"author":[{"embeddable":true,"href":"https:\/\/elradar.info\/index.php?rest_route=\/wp\/v2\/users\/2"}],"replies":[{"embeddable":true,"href":"https:\/\/elradar.info\/index.php?rest_route=%2Fwp%2Fv2%2Fcomments&post=27252"}],"version-history":[{"count":1,"href":"https:\/\/elradar.info\/index.php?rest_route=\/wp\/v2\/posts\/27252\/revisions"}],"predecessor-version":[{"id":27258,"href":"https:\/\/elradar.info\/index.php?rest_route=\/wp\/v2\/posts\/27252\/revisions\/27258"}],"wp:featuredmedia":[{"embeddable":true,"href":"https:\/\/elradar.info\/index.php?rest_route=\/wp\/v2\/media\/27254"}],"wp:attachment":[{"href":"https:\/\/elradar.info\/index.php?rest_route=%2Fwp%2Fv2%2Fmedia&parent=27252"}],"wp:term":[{"taxonomy":"category","embeddable":true,"href":"https:\/\/elradar.info\/index.php?rest_route=%2Fwp%2Fv2%2Fcategories&post=27252"},{"taxonomy":"post_tag","embeddable":true,"href":"https:\/\/elradar.info\/index.php?rest_route=%2Fwp%2Fv2%2Ftags&post=27252"}],"curies":[{"name":"wp","href":"https:\/\/api.w.org\/{rel}","templated":true}]}}