{"id":27289,"date":"2022-08-30T13:42:43","date_gmt":"2022-08-30T17:42:43","guid":{"rendered":"http:\/\/elradar.info\/?p=27289"},"modified":"2024-02-01T12:15:54","modified_gmt":"2024-02-01T16:15:54","slug":"doble-infanticidio-conmociona-a-la-ciudad-de-la-paz","status":"publish","type":"post","link":"https:\/\/elradar.info\/?p=27289","title":{"rendered":"<strong>Doble infanticidio conmociona a la ciudad de La Paz<\/strong>"},"content":{"rendered":"\n<p>Un doble infanticidio se registr\u00f3 en la madrugada de hoy en la zona Villa Pab\u00f3n de la ciudad de La Paz. El presunto autor y padre de ambos menores, un ni\u00f1o de 11 a\u00f1os y su hermana de seis, habr\u00eda tenido una discusi\u00f3n con su pareja, luego de la cual atent\u00f3 contra la vida de sus hijos con pu\u00f1aladas producto de las cuales ambos murieron. Luego del ataque, el padre habr\u00eda atentado contra su vida, sin embargo, sobrevivi\u00f3 y se encuentra siendo atendido en un nosocomio.<\/p>\n\n\n\n<p>El jefe de la Divisi\u00f3n Homicidios, mayor Ren\u00e9 Tambo, inform\u00f3 que el presunto asesino habr\u00eda dejado una carta p\u00f3stuma que est\u00e1 siendo analizada, pero adelant\u00f3 que es posible que el m\u00f3vil haya sido la mala relaci\u00f3n de convivencia de la joven pareja, hecho que ocasion\u00f3 el fatal desenlace.<\/p>\n\n\n\n<p>Fueron los vecinos quienes denunciaron el crimen y se encargaron de sacar del domicilio los cuerpos sin vida de las j\u00f3venes v\u00edctimas. A\u00fan no se tienen declaraciones de la madre de ambos ni\u00f1os. El caso contin\u00faa en investigaci\u00f3n.<\/p>\n","protected":false},"excerpt":{"rendered":"<p>Un doble infanticidio se registr\u00f3 en la madrugada de hoy en la zona Villa Pab\u00f3n de la ciudad de La Paz. El presunto autor y padre de ambos menores, un ni\u00f1o de 11 a\u00f1os y su hermana de seis, habr\u00eda tenido una discusi\u00f3n con su pareja, luego de la cual atent\u00f3 contra la vida de sus hijos con pu\u00f1aladas producto de las cuales ambos murieron. Luego del ataque, el padre habr\u00eda atentado contra su vida, sin embargo, sobrevivi\u00f3 y se encuentra siendo atendido en un nosocomio. El jefe de la Divisi\u00f3n Homicidios, mayor Ren\u00e9 Tambo, inform\u00f3 que el presunto asesino<\/p>\n","protected":false},"author":2,"featured_media":27291,"comment_status":"closed","ping_status":"open","sticky":false,"template":"","format":"standard","meta":{"_seopress_robots_primary_cat":"none","_seopress_titles_title":"","_seopress_titles_desc":"","_seopress_robots_index":"","_jetpack_memberships_contains_paid_content":false,"footnotes":""},"categories":[103],"tags":[109,3895,293,3896],"class_list":["post-27289","post","type-post","status-publish","format-standard","has-post-thumbnail","hentry","category-nacional","tag-bolivia","tag-doble-infanticidio","tag-la-paz","tag-villa-pabon"],"jetpack_featured_media_url":"https:\/\/elradar.info\/wp-content\/uploads\/2022\/08\/WhatsApp-Image-2022-08-30-at-1.19.12-PM.jpeg","jetpack_sharing_enabled":true,"amp_enabled":true,"_links":{"self":[{"href":"https:\/\/elradar.info\/index.php?rest_route=\/wp\/v2\/posts\/27289","targetHints":{"allow":["GET"]}}],"collection":[{"href":"https:\/\/elradar.info\/index.php?rest_route=\/wp\/v2\/posts"}],"about":[{"href":"https:\/\/elradar.info\/index.php?rest_route=\/wp\/v2\/types\/post"}],"author":[{"embeddable":true,"href":"https:\/\/elradar.info\/index.php?rest_route=\/wp\/v2\/users\/2"}],"replies":[{"embeddable":true,"href":"https:\/\/elradar.info\/index.php?rest_route=%2Fwp%2Fv2%2Fcomments&post=27289"}],"version-history":[{"count":1,"href":"https:\/\/elradar.info\/index.php?rest_route=\/wp\/v2\/posts\/27289\/revisions"}],"predecessor-version":[{"id":27292,"href":"https:\/\/elradar.info\/index.php?rest_route=\/wp\/v2\/posts\/27289\/revisions\/27292"}],"wp:featuredmedia":[{"embeddable":true,"href":"https:\/\/elradar.info\/index.php?rest_route=\/wp\/v2\/media\/27291"}],"wp:attachment":[{"href":"https:\/\/elradar.info\/index.php?rest_route=%2Fwp%2Fv2%2Fmedia&parent=27289"}],"wp:term":[{"taxonomy":"category","embeddable":true,"href":"https:\/\/elradar.info\/index.php?rest_route=%2Fwp%2Fv2%2Fcategories&post=27289"},{"taxonomy":"post_tag","embeddable":true,"href":"https:\/\/elradar.info\/index.php?rest_route=%2Fwp%2Fv2%2Ftags&post=27289"}],"curies":[{"name":"wp","href":"https:\/\/api.w.org\/{rel}","templated":true}]}}