{"id":27470,"date":"2022-09-05T13:00:04","date_gmt":"2022-09-05T17:00:04","guid":{"rendered":"http:\/\/elradar.info\/?p=27470"},"modified":"2024-02-01T12:15:52","modified_gmt":"2024-02-01T16:15:52","slug":"gobierno-nacional-no-hay-plan-negro-contra-evo-ni-ningun-otro-miembro-del-mas","status":"publish","type":"post","link":"https:\/\/elradar.info\/?p=27470","title":{"rendered":"<strong>Gobierno nacional: \u201cNo hay plan negro contra Evo ni ning\u00fan otro miembro del MAS\u201d<\/strong>"},"content":{"rendered":"\n<p>Autoridades del Gobierno nacional negaron enf\u00e1ticamente que exista un \u201cplan negro\u201d contra el expresidente Evo Morales y pide a todos los l\u00edderes y miembros del Pacto de Unidad y las organizaciones afines al proceso de cambio, trabajar por la unidad y aportar en el objetivo de hacer una buena gesti\u00f3n.&nbsp;<\/p>\n\n\n\n<p>El expresidente, Evo Morales denunci\u00f3 que hay sectores en el Ejecutivo que tienen un \u201cplan negro\u201d en contra suya, del presidente del Senado, Andr\u00f3nico Rodr\u00edguez y de otros asamble\u00edstas afines.<\/p>\n\n\n\n<p>Al respecto, el ministro de Defensa, Edmundo Novillo, sostuvo que ya se hizo una investigaci\u00f3n a fondo, en semanas pasadas cuando se conocieron estos rumores, y se desvirtu\u00f3 cualquier sospecha.<\/p>\n\n\n\n<p>El Gobierno del presidente Luis Arce, hizo un llamado a mantener el trabajo cohesionado y conjunto entre todas las organizaciones del Pacto de Unidad y movimientos sociales del MAS-IPSP, para mantenerse unidos, para consolidar la reactivaci\u00f3n econ\u00f3mica.<\/p>\n","protected":false},"excerpt":{"rendered":"<p>Autoridades del Gobierno nacional negaron enf\u00e1ticamente que exista un \u201cplan negro\u201d contra el expresidente Evo Morales y pide a todos los l\u00edderes y miembros del Pacto de Unidad y las organizaciones afines al proceso de cambio, trabajar por la unidad y aportar en el objetivo de hacer una buena gesti\u00f3n.&nbsp; El expresidente, Evo Morales denunci\u00f3 que hay sectores en el Ejecutivo que tienen un \u201cplan negro\u201d en contra suya, del presidente del Senado, Andr\u00f3nico Rodr\u00edguez y de otros asamble\u00edstas afines. Al respecto, el ministro de Defensa, Edmundo Novillo, sostuvo que ya se hizo una investigaci\u00f3n a fondo, en semanas pasadas<\/p>\n","protected":false},"author":2,"featured_media":27472,"comment_status":"closed","ping_status":"open","sticky":false,"template":"","format":"standard","meta":{"_seopress_robots_primary_cat":"none","_seopress_titles_title":"","_seopress_titles_desc":"","_seopress_robots_index":"","_jetpack_memberships_contains_paid_content":false,"footnotes":""},"categories":[103],"tags":[109,1856,708,628,3972],"class_list":["post-27470","post","type-post","status-publish","format-standard","has-post-thumbnail","hentry","category-nacional","tag-bolivia","tag-edmundo-novillo","tag-gobierno-nacional","tag-mas","tag-plan-negro"],"jetpack_featured_media_url":"https:\/\/elradar.info\/wp-content\/uploads\/2022\/09\/302215145_618629046303080_2217522510610446684_n.jpg","jetpack_sharing_enabled":true,"amp_enabled":true,"_links":{"self":[{"href":"https:\/\/elradar.info\/index.php?rest_route=\/wp\/v2\/posts\/27470","targetHints":{"allow":["GET"]}}],"collection":[{"href":"https:\/\/elradar.info\/index.php?rest_route=\/wp\/v2\/posts"}],"about":[{"href":"https:\/\/elradar.info\/index.php?rest_route=\/wp\/v2\/types\/post"}],"author":[{"embeddable":true,"href":"https:\/\/elradar.info\/index.php?rest_route=\/wp\/v2\/users\/2"}],"replies":[{"embeddable":true,"href":"https:\/\/elradar.info\/index.php?rest_route=%2Fwp%2Fv2%2Fcomments&post=27470"}],"version-history":[{"count":1,"href":"https:\/\/elradar.info\/index.php?rest_route=\/wp\/v2\/posts\/27470\/revisions"}],"predecessor-version":[{"id":27473,"href":"https:\/\/elradar.info\/index.php?rest_route=\/wp\/v2\/posts\/27470\/revisions\/27473"}],"wp:featuredmedia":[{"embeddable":true,"href":"https:\/\/elradar.info\/index.php?rest_route=\/wp\/v2\/media\/27472"}],"wp:attachment":[{"href":"https:\/\/elradar.info\/index.php?rest_route=%2Fwp%2Fv2%2Fmedia&parent=27470"}],"wp:term":[{"taxonomy":"category","embeddable":true,"href":"https:\/\/elradar.info\/index.php?rest_route=%2Fwp%2Fv2%2Fcategories&post=27470"},{"taxonomy":"post_tag","embeddable":true,"href":"https:\/\/elradar.info\/index.php?rest_route=%2Fwp%2Fv2%2Ftags&post=27470"}],"curies":[{"name":"wp","href":"https:\/\/api.w.org\/{rel}","templated":true}]}}