{"id":27594,"date":"2022-09-08T11:38:02","date_gmt":"2022-09-08T15:38:02","guid":{"rendered":"http:\/\/elradar.info\/?p=27594"},"modified":"2024-02-01T12:15:31","modified_gmt":"2024-02-01T16:15:31","slug":"ministro-del-castillo-niega-existencia-de-un-plan-negro-y-afirma-que-no-se-prestara-a-ningun-tipo-de-confrontacion","status":"publish","type":"post","link":"https:\/\/elradar.info\/?p=27594","title":{"rendered":"<strong>Ministro Del Castillo niega existencia de un \u201cPlan Negro\u201d y afirma que no se prestar\u00e1 a ning\u00fan tipo de confrontaci\u00f3n&nbsp;<\/strong>"},"content":{"rendered":"\n<p>El ministro de Gobierno, Eduardo del Castillo, neg\u00f3 este jueves, la existencia de un plan en contra del expresidente Evo Morales y asever\u00f3 que no se prestar\u00e1 a la confrontaci\u00f3n, ni a la divisi\u00f3n.&nbsp;<\/p>\n\n\n\n<p>El expresidente Evo Morales, el d\u00eda de ayer acus\u00f3 a algunas autoridades del Ejecutivo de gestar un supuesto \u201cplan negro\u201d en su contra. El ministro de Defensa, Edmundo Novillo, el pasado domingo manifest\u00f3 que no existe tal plan.<\/p>\n\n\n\n<p><em>\u201cNuevamente manifestamos que no nos vamos a prestar a ning\u00fan tipo de confrontaci\u00f3n, ni a ning\u00fan tipo de divisi\u00f3n, lo que nos interesa es trabajar por la unidad del pueblo boliviano\u201d<\/em>, asegur\u00f3 Del Castillo.<\/p>\n\n\n\n<p>El autoridad, indic\u00f3 que por instrucci\u00f3n del presidente Luis Arce y del vicepresidente David Choquehuanca se debe trabajar en mantener la unidad del Movimiento Al Socialismo y del pueblo boliviano.<\/p>\n\n\n\n<p><em>\u201cVamos a seguir manteniendo la unidad del Instrumento y del pueblo boliviano (\u2026) Somos un Gobierno que no est\u00e1 gobernando para un partido pol\u00edtico, sino para todo un pueblo en su conjunto\u201d<\/em>, sostuvo tras ser cuestionado por los medios.<\/p>\n","protected":false},"excerpt":{"rendered":"<p>El ministro de Gobierno, Eduardo del Castillo, neg\u00f3 este jueves, la existencia de un plan en contra del expresidente Evo Morales y asever\u00f3 que no se prestar\u00e1 a la confrontaci\u00f3n, ni a la divisi\u00f3n.&nbsp; El expresidente Evo Morales, el d\u00eda de ayer acus\u00f3 a algunas autoridades del Ejecutivo de gestar un supuesto \u201cplan negro\u201d en su contra. El ministro de Defensa, Edmundo Novillo, el pasado domingo manifest\u00f3 que no existe tal plan. \u201cNuevamente manifestamos que no nos vamos a prestar a ning\u00fan tipo de confrontaci\u00f3n, ni a ning\u00fan tipo de divisi\u00f3n, lo que nos interesa es trabajar por la unidad<\/p>\n","protected":false},"author":2,"featured_media":27597,"comment_status":"closed","ping_status":"open","sticky":false,"template":"","format":"standard","meta":{"_seopress_robots_primary_cat":"none","_seopress_titles_title":"","_seopress_titles_desc":"","_seopress_robots_index":"","_jetpack_memberships_contains_paid_content":false,"footnotes":""},"categories":[103],"tags":[109,129,155,3972],"class_list":["post-27594","post","type-post","status-publish","format-standard","has-post-thumbnail","hentry","category-nacional","tag-bolivia","tag-eduardo-del-castillo","tag-evo-morales","tag-plan-negro"],"jetpack_featured_media_url":"https:\/\/elradar.info\/wp-content\/uploads\/2022\/09\/306117468_475341494453153_2762593381281465436_n-1.jpg","jetpack_sharing_enabled":true,"amp_enabled":true,"_links":{"self":[{"href":"https:\/\/elradar.info\/index.php?rest_route=\/wp\/v2\/posts\/27594","targetHints":{"allow":["GET"]}}],"collection":[{"href":"https:\/\/elradar.info\/index.php?rest_route=\/wp\/v2\/posts"}],"about":[{"href":"https:\/\/elradar.info\/index.php?rest_route=\/wp\/v2\/types\/post"}],"author":[{"embeddable":true,"href":"https:\/\/elradar.info\/index.php?rest_route=\/wp\/v2\/users\/2"}],"replies":[{"embeddable":true,"href":"https:\/\/elradar.info\/index.php?rest_route=%2Fwp%2Fv2%2Fcomments&post=27594"}],"version-history":[{"count":1,"href":"https:\/\/elradar.info\/index.php?rest_route=\/wp\/v2\/posts\/27594\/revisions"}],"predecessor-version":[{"id":27598,"href":"https:\/\/elradar.info\/index.php?rest_route=\/wp\/v2\/posts\/27594\/revisions\/27598"}],"wp:featuredmedia":[{"embeddable":true,"href":"https:\/\/elradar.info\/index.php?rest_route=\/wp\/v2\/media\/27597"}],"wp:attachment":[{"href":"https:\/\/elradar.info\/index.php?rest_route=%2Fwp%2Fv2%2Fmedia&parent=27594"}],"wp:term":[{"taxonomy":"category","embeddable":true,"href":"https:\/\/elradar.info\/index.php?rest_route=%2Fwp%2Fv2%2Fcategories&post=27594"},{"taxonomy":"post_tag","embeddable":true,"href":"https:\/\/elradar.info\/index.php?rest_route=%2Fwp%2Fv2%2Ftags&post=27594"}],"curies":[{"name":"wp","href":"https:\/\/api.w.org\/{rel}","templated":true}]}}