{"id":27607,"date":"2022-09-08T15:40:13","date_gmt":"2022-09-08T19:40:13","guid":{"rendered":"http:\/\/elradar.info\/?p=27607"},"modified":"2024-02-01T12:15:31","modified_gmt":"2024-02-01T16:15:31","slug":"cocaleros-de-freddy-machicado-golpean-a-bombero-que-rescataba-a-una-nina","status":"publish","type":"post","link":"https:\/\/elradar.info\/?p=27607","title":{"rendered":"<strong>Cocaleros de Freddy Machicado golpean a bombero que rescataba a una ni\u00f1a<\/strong>"},"content":{"rendered":"\n<p>Cocaleros de la marcha de ADEPCOCA rompieron el cerco policial e ingresaron violentamente al mercado, una vez all\u00ed comenzaron a saquear, destruir e incendiar todo a su paso. Personas que a\u00fan se encontraban en las instalaciones quedaron atrapadas entre el gent\u00edo y el fuego. Varios videos en las redes sociales eran llamados de auxilio de los atrapados en el edificio.<\/p>\n\n\n\n<p>El hecho m\u00e1s alarmante fue que dos ni\u00f1as se encontraban dentro del edificio y corr\u00edan riesgo de morir por las llamas. El r\u00e1pido actuar de los bomberos les salv\u00f3 la vida, sin embargo, en lugar de dejar paso a los rescatistas, la turba iracunda procedi\u00f3 a golpear a los bomberos, hecho que fue grabado y provoc\u00f3 el repudio de la poblaci\u00f3n.<\/p>\n\n\n\n<figure class=\"wp-block-video\"><video controls src=\"https:\/\/elradar.info\/wp-content\/uploads\/2022\/09\/WhatsApp-Video-2022-09-08-at-15.18.32.mp4\"><\/video><\/figure>\n","protected":false},"excerpt":{"rendered":"<p>Cocaleros de la marcha de ADEPCOCA rompieron el cerco policial e ingresaron violentamente al mercado, una vez all\u00ed comenzaron a saquear, destruir e incendiar todo a su paso. Personas que a\u00fan se encontraban en las instalaciones quedaron atrapadas entre el gent\u00edo y el fuego. Varios videos en las redes sociales eran llamados de auxilio de los atrapados en el edificio. El hecho m\u00e1s alarmante fue que dos ni\u00f1as se encontraban dentro del edificio y corr\u00edan riesgo de morir por las llamas. El r\u00e1pido actuar de los bomberos les salv\u00f3 la vida, sin embargo, en lugar de dejar paso a los<\/p>\n","protected":false},"author":2,"featured_media":27611,"comment_status":"closed","ping_status":"open","sticky":false,"template":"","format":"standard","meta":{"_seopress_robots_primary_cat":"none","_seopress_titles_title":"","_seopress_titles_desc":"","_seopress_robots_index":"","_jetpack_memberships_contains_paid_content":false,"footnotes":""},"categories":[103],"tags":[2629,109,293],"class_list":["post-27607","post","type-post","status-publish","format-standard","has-post-thumbnail","hentry","category-nacional","tag-adepcoca","tag-bolivia","tag-la-paz"],"jetpack_featured_media_url":"https:\/\/elradar.info\/wp-content\/uploads\/2022\/09\/adep-1.png","jetpack_sharing_enabled":true,"amp_enabled":true,"_links":{"self":[{"href":"https:\/\/elradar.info\/index.php?rest_route=\/wp\/v2\/posts\/27607","targetHints":{"allow":["GET"]}}],"collection":[{"href":"https:\/\/elradar.info\/index.php?rest_route=\/wp\/v2\/posts"}],"about":[{"href":"https:\/\/elradar.info\/index.php?rest_route=\/wp\/v2\/types\/post"}],"author":[{"embeddable":true,"href":"https:\/\/elradar.info\/index.php?rest_route=\/wp\/v2\/users\/2"}],"replies":[{"embeddable":true,"href":"https:\/\/elradar.info\/index.php?rest_route=%2Fwp%2Fv2%2Fcomments&post=27607"}],"version-history":[{"count":1,"href":"https:\/\/elradar.info\/index.php?rest_route=\/wp\/v2\/posts\/27607\/revisions"}],"predecessor-version":[{"id":27612,"href":"https:\/\/elradar.info\/index.php?rest_route=\/wp\/v2\/posts\/27607\/revisions\/27612"}],"wp:featuredmedia":[{"embeddable":true,"href":"https:\/\/elradar.info\/index.php?rest_route=\/wp\/v2\/media\/27611"}],"wp:attachment":[{"href":"https:\/\/elradar.info\/index.php?rest_route=%2Fwp%2Fv2%2Fmedia&parent=27607"}],"wp:term":[{"taxonomy":"category","embeddable":true,"href":"https:\/\/elradar.info\/index.php?rest_route=%2Fwp%2Fv2%2Fcategories&post=27607"},{"taxonomy":"post_tag","embeddable":true,"href":"https:\/\/elradar.info\/index.php?rest_route=%2Fwp%2Fv2%2Ftags&post=27607"}],"curies":[{"name":"wp","href":"https:\/\/api.w.org\/{rel}","templated":true}]}}