{"id":27641,"date":"2022-09-08T17:04:06","date_gmt":"2022-09-08T21:04:06","guid":{"rendered":"http:\/\/elradar.info\/?p=27641"},"modified":"2024-02-01T12:15:30","modified_gmt":"2024-02-01T16:15:30","slug":"jorge-valda-exabogado-del-comite-civico-pro-santa-cruz-revela-que-patrocina-a-cocaleros-de-adepcoca-de-machicado","status":"publish","type":"post","link":"https:\/\/elradar.info\/?p=27641","title":{"rendered":"<strong>Jorge Valda, exabogado del Comit\u00e9 C\u00edvico Pro Santa Cruz revela que patrocina a cocaleros de Adepcoca de Machicado<\/strong>"},"content":{"rendered":"\n<p>El exabogado del Comit\u00e9 Pro Santa Cruz, Jorge Valda, revel\u00f3 este jueves que asiste legalmente a la Asociaci\u00f3n Departamental de Productores de Coca (Adepcoca) de la facci\u00f3n de Freddy Machicado y anunci\u00f3 procesos en contra de autoridades del Ejecutivo.<\/p>\n\n\n\n<p><em>\u201cEfectivamente estamos llevando adelante la defensa de aquellos productores de hoja de coca que fueron detenidos arbitrariamente. Recordemos que el 9 de agosto el Ministro de Gobierno llev\u00f3 a 34 ciudadanos y los present\u00f3 como delincuentes, como terroristas\u201d,<\/em> dijo Valda en declaraciones a radio Panamericana.<\/p>\n\n\n\n<p>El tambi\u00e9n abogado de Jeanine A\u00f1ez dijo que junto a la directiva de Adepcoca <em>\u201cel d\u00eda de hoy estamos presentando una denuncia penal ante el Ministerio P\u00fablico por incitaci\u00f3n al racismo y discriminaci\u00f3n contra Eduardo del Castillo\u201d.<\/em><\/p>\n\n\n\n<p>Los productores de hoja de coca, que adem\u00e1s portaban material explosivo y anfo, fueron liberados luego de unos d\u00edas y la justicia resolvi\u00f3 medidas cautelares como la detenci\u00f3n domiciliaria para algunos de ellos.<\/p>\n\n\n\n<p><em>\u201cEstamos trabajando tambi\u00e9n con el doctor Gualberto Cusi y con otros abogados, nosotros en representaci\u00f3n de la Asamblea Permanente de Derechos Humanos estamos dando todo el apoyo jur\u00eddico y legal a Adepcoca\u201d<\/em>, asegur\u00f3 Valda.<\/p>\n","protected":false},"excerpt":{"rendered":"<p>El exabogado del Comit\u00e9 Pro Santa Cruz, Jorge Valda, revel\u00f3 este jueves que asiste legalmente a la Asociaci\u00f3n Departamental de Productores de Coca (Adepcoca) de la facci\u00f3n de Freddy Machicado y anunci\u00f3 procesos en contra de autoridades del Ejecutivo. \u201cEfectivamente estamos llevando adelante la defensa de aquellos productores de hoja de coca que fueron detenidos arbitrariamente. Recordemos que el 9 de agosto el Ministro de Gobierno llev\u00f3 a 34 ciudadanos y los present\u00f3 como delincuentes, como terroristas\u201d, dijo Valda en declaraciones a radio Panamericana. El tambi\u00e9n abogado de Jeanine A\u00f1ez dijo que junto a la directiva de Adepcoca \u201cel d\u00eda<\/p>\n","protected":false},"author":2,"featured_media":27643,"comment_status":"closed","ping_status":"open","sticky":false,"template":"","format":"standard","meta":{"_seopress_robots_primary_cat":"none","_seopress_titles_title":"","_seopress_titles_desc":"","_seopress_robots_index":"","_jetpack_memberships_contains_paid_content":false,"footnotes":""},"categories":[103],"tags":[2629,3758,109,352,630,2694,4045,131,2098,293],"class_list":["post-27641","post","type-post","status-publish","format-standard","has-post-thumbnail","hentry","category-nacional","tag-adepcoca","tag-asociacion-departamental-de-productores-de-coca","tag-bolivia","tag-comite-pro-santa-cruz","tag-conflicto","tag-freddy-machicado","tag-gualberto-cusi","tag-jeanine-anez","tag-jorge-valda","tag-la-paz"],"jetpack_featured_media_url":"https:\/\/elradar.info\/wp-content\/uploads\/2022\/09\/Valda0809.png","jetpack_sharing_enabled":true,"amp_enabled":true,"_links":{"self":[{"href":"https:\/\/elradar.info\/index.php?rest_route=\/wp\/v2\/posts\/27641","targetHints":{"allow":["GET"]}}],"collection":[{"href":"https:\/\/elradar.info\/index.php?rest_route=\/wp\/v2\/posts"}],"about":[{"href":"https:\/\/elradar.info\/index.php?rest_route=\/wp\/v2\/types\/post"}],"author":[{"embeddable":true,"href":"https:\/\/elradar.info\/index.php?rest_route=\/wp\/v2\/users\/2"}],"replies":[{"embeddable":true,"href":"https:\/\/elradar.info\/index.php?rest_route=%2Fwp%2Fv2%2Fcomments&post=27641"}],"version-history":[{"count":1,"href":"https:\/\/elradar.info\/index.php?rest_route=\/wp\/v2\/posts\/27641\/revisions"}],"predecessor-version":[{"id":27644,"href":"https:\/\/elradar.info\/index.php?rest_route=\/wp\/v2\/posts\/27641\/revisions\/27644"}],"wp:featuredmedia":[{"embeddable":true,"href":"https:\/\/elradar.info\/index.php?rest_route=\/wp\/v2\/media\/27643"}],"wp:attachment":[{"href":"https:\/\/elradar.info\/index.php?rest_route=%2Fwp%2Fv2%2Fmedia&parent=27641"}],"wp:term":[{"taxonomy":"category","embeddable":true,"href":"https:\/\/elradar.info\/index.php?rest_route=%2Fwp%2Fv2%2Fcategories&post=27641"},{"taxonomy":"post_tag","embeddable":true,"href":"https:\/\/elradar.info\/index.php?rest_route=%2Fwp%2Fv2%2Ftags&post=27641"}],"curies":[{"name":"wp","href":"https:\/\/api.w.org\/{rel}","templated":true}]}}