{"id":27681,"date":"2022-09-10T09:51:14","date_gmt":"2022-09-10T13:51:14","guid":{"rendered":"http:\/\/elradar.info\/?p=27681"},"modified":"2024-02-01T12:15:30","modified_gmt":"2024-02-01T16:15:30","slug":"sentencian-a-30-anos-a-los-asesinos-de-anakin-tancara","status":"publish","type":"post","link":"https:\/\/elradar.info\/?p=27681","title":{"rendered":"<strong>Sentencian a 30 a\u00f1os a los asesinos de Anakin Tancara<\/strong>"},"content":{"rendered":"\n<p>M\u00e1s de un a\u00f1o despu\u00e9s de haberse conocido el asesinato de Anakin Tancara, la justicia dict\u00f3 la pena m\u00e1xima para los dos implicados: Luz Maya y \u00c1lvaro Roberto, quienes se encontraban con detenci\u00f3n preventiva.<\/p>\n\n\n\n<p>\u201c<em>El Tribunal Tercero de Sentencia de la ciudad de El Alto, conden\u00f3 a 30 a\u00f1os de c\u00e1rcel a Luz Maya Rub\u00ed P.H. y \u00c1lvaro Roberto S.P. en los penales de Miraflores y Chonchocoro, respectivamente, por el delito de Asesinato cometido contra Anakin P.T. en agosto de 2021<\/em>\u201d, inform\u00f3 la cartera estatal, mediante su cuenta de Twitter.<\/p>\n\n\n\n<p>Anakin fue reportado como desaparecido el 30 de agosto del a\u00f1o pasado, cuando su padre inform\u00f3 que hab\u00eda salido de su casa con rumbo a la UPEA, donde estudiaba derecho, pero nunca retorn\u00f3 a su hogar. Dos d\u00edas despu\u00e9s, su cad\u00e1ver apareci\u00f3 desmembrado dentro de bolsas negras en la zona Bella Vista de la ciudad de El Alto.<\/p>\n\n\n\n<p>Las caracter\u00edsticas del crimen y el sadismo de los dos implicados, su exenamorada y la pareja actual de esta, caus\u00f3 conmoci\u00f3n en la poblaci\u00f3n boliviana. Hace algunos d\u00edas, el padre de Anakin hab\u00eda denunciado retardaci\u00f3n de justicia en el caso, sin embargo, ahora ambos acusados fueron sentenciados a 30 a\u00f1os de c\u00e1rcel a cumplirse en el Centro de Orientaci\u00f3n Femenina de Miraflores y en el penal de Chonchocoro respectivamente.<\/p>\n","protected":false},"excerpt":{"rendered":"<p>M\u00e1s de un a\u00f1o despu\u00e9s de haberse conocido el asesinato de Anakin Tancara, la justicia dict\u00f3 la pena m\u00e1xima para los dos implicados: Luz Maya y \u00c1lvaro Roberto, quienes se encontraban con detenci\u00f3n preventiva. \u201cEl Tribunal Tercero de Sentencia de la ciudad de El Alto, conden\u00f3 a 30 a\u00f1os de c\u00e1rcel a Luz Maya Rub\u00ed P.H. y \u00c1lvaro Roberto S.P. en los penales de Miraflores y Chonchocoro, respectivamente, por el delito de Asesinato cometido contra Anakin P.T. en agosto de 2021\u201d, inform\u00f3 la cartera estatal, mediante su cuenta de Twitter. Anakin fue reportado como desaparecido el 30 de agosto del<\/p>\n","protected":false},"author":2,"featured_media":27683,"comment_status":"closed","ping_status":"open","sticky":false,"template":"","format":"standard","meta":{"_seopress_robots_primary_cat":"none","_seopress_titles_title":"","_seopress_titles_desc":"","_seopress_robots_index":"","_jetpack_memberships_contains_paid_content":false,"footnotes":""},"categories":[103],"tags":[4064,4066,1813,4063,109,401,293,4065,1659],"class_list":["post-27681","post","type-post","status-publish","format-standard","has-post-thumbnail","hentry","category-nacional","tag-30-anos","tag-alvaro-roberto","tag-anakin-tancara","tag-asesinos","tag-bolivia","tag-el-alto","tag-la-paz","tag-luz-maya","tag-sentencia"],"jetpack_featured_media_url":"https:\/\/elradar.info\/wp-content\/uploads\/2022\/09\/foto-asesinos-1024x576-1.jpg","jetpack_sharing_enabled":true,"amp_enabled":true,"_links":{"self":[{"href":"https:\/\/elradar.info\/index.php?rest_route=\/wp\/v2\/posts\/27681","targetHints":{"allow":["GET"]}}],"collection":[{"href":"https:\/\/elradar.info\/index.php?rest_route=\/wp\/v2\/posts"}],"about":[{"href":"https:\/\/elradar.info\/index.php?rest_route=\/wp\/v2\/types\/post"}],"author":[{"embeddable":true,"href":"https:\/\/elradar.info\/index.php?rest_route=\/wp\/v2\/users\/2"}],"replies":[{"embeddable":true,"href":"https:\/\/elradar.info\/index.php?rest_route=%2Fwp%2Fv2%2Fcomments&post=27681"}],"version-history":[{"count":1,"href":"https:\/\/elradar.info\/index.php?rest_route=\/wp\/v2\/posts\/27681\/revisions"}],"predecessor-version":[{"id":27684,"href":"https:\/\/elradar.info\/index.php?rest_route=\/wp\/v2\/posts\/27681\/revisions\/27684"}],"wp:featuredmedia":[{"embeddable":true,"href":"https:\/\/elradar.info\/index.php?rest_route=\/wp\/v2\/media\/27683"}],"wp:attachment":[{"href":"https:\/\/elradar.info\/index.php?rest_route=%2Fwp%2Fv2%2Fmedia&parent=27681"}],"wp:term":[{"taxonomy":"category","embeddable":true,"href":"https:\/\/elradar.info\/index.php?rest_route=%2Fwp%2Fv2%2Fcategories&post=27681"},{"taxonomy":"post_tag","embeddable":true,"href":"https:\/\/elradar.info\/index.php?rest_route=%2Fwp%2Fv2%2Ftags&post=27681"}],"curies":[{"name":"wp","href":"https:\/\/api.w.org\/{rel}","templated":true}]}}