{"id":27738,"date":"2022-09-12T16:34:24","date_gmt":"2022-09-12T20:34:24","guid":{"rendered":"http:\/\/elradar.info\/?p=27738"},"modified":"2024-02-01T12:15:29","modified_gmt":"2024-02-01T16:15:29","slug":"hoy-sera-la-audiencia-de-medidas-cautelares-de-exministro-de-defensa-de-anez-luis-fernando-lopez","status":"publish","type":"post","link":"https:\/\/elradar.info\/?p=27738","title":{"rendered":"<strong>Hoy ser\u00e1 la audiencia de medidas cautelares de exministro de Defensa de \u00c1\u00f1ez, Luis Fernando L\u00f3pez<\/strong>"},"content":{"rendered":"\n<p>El exministro de Defensa, Luis Fernando L\u00f3pez Julio, deber\u00e1 presentarse este hoy en audiencia de medidas cautelares que se desarrollar\u00e1 en la modalidad virtual dentro del caso Golpe de Estado I. El exministro de Jeanine \u00c1\u00f1ez fue citado por edicto, ya que sali\u00f3 del pa\u00eds y se presume que est\u00e1 en la rep\u00fablica del Brasil.&nbsp;<\/p>\n\n\n\n<p>El Juzgado D\u00e9cimo de Instrucci\u00f3n en lo Penal fij\u00f3 audiencia luego que la Fiscal\u00eda lo imputara por el delito de terrorismo. El abogado de la exdiputada Lidia Patty, V\u00edctor Nina, asever\u00f3 que en caso que el imputado no se presente en su audiencia virtual pedir\u00e1n que el exministro de facto sea declarado como \u201crebelde\u201d.<\/p>\n\n\n\n<p><em>\u201cSi es que el ciudadano Fernando L\u00f3pez Julio no se presenta en esta audiencia vamos a pedir (al juez) que se lo pueda declarar rebelde y pueda continuar las investigaciones bajo esa condici\u00f3n\u201d<\/em>, indic\u00f3 el jurista.<\/p>\n\n\n\n<p>L\u00f3pez es investigado por el delito de terrorismo tras los hechos luctuosos que se desencadenaron en noviembre de 2019 para la autoproclamaci\u00f3n de la exsenadora Jeanine \u00c1\u00f1ez.<\/p>\n\n\n\n<p>Tambi\u00e9n pedir\u00e1n la detenci\u00f3n preventiva del investigado porque se lo acusa de participar en hechos violentos que afectaron la seguridad interna del pa\u00eds.<\/p>\n","protected":false},"excerpt":{"rendered":"<p>El exministro de Defensa, Luis Fernando L\u00f3pez Julio, deber\u00e1 presentarse este hoy en audiencia de medidas cautelares que se desarrollar\u00e1 en la modalidad virtual dentro del caso Golpe de Estado I. El exministro de Jeanine \u00c1\u00f1ez fue citado por edicto, ya que sali\u00f3 del pa\u00eds y se presume que est\u00e1 en la rep\u00fablica del Brasil.&nbsp; El Juzgado D\u00e9cimo de Instrucci\u00f3n en lo Penal fij\u00f3 audiencia luego que la Fiscal\u00eda lo imputara por el delito de terrorismo. El abogado de la exdiputada Lidia Patty, V\u00edctor Nina, asever\u00f3 que en caso que el imputado no se presente en su audiencia virtual pedir\u00e1n<\/p>\n","protected":false},"author":2,"featured_media":27740,"comment_status":"closed","ping_status":"open","sticky":false,"template":"","format":"standard","meta":{"_seopress_robots_primary_cat":"none","_seopress_titles_title":"","_seopress_titles_desc":"","_seopress_robots_index":"","_jetpack_memberships_contains_paid_content":false,"footnotes":""},"categories":[103],"tags":[4094,109,4092,111,131,241],"class_list":["post-27738","post","type-post","status-publish","format-standard","has-post-thumbnail","hentry","category-nacional","tag-audiencia-de-medidas-cautelares","tag-bolivia","tag-exministro","tag-golpe-de-estado","tag-jeanine-anez","tag-luis-fernando-lopez"],"jetpack_featured_media_url":"https:\/\/elradar.info\/wp-content\/uploads\/2022\/09\/WhatsApp-Image-2022-08-26-at-11.52.00-PM.jpeg","jetpack_sharing_enabled":true,"amp_enabled":true,"_links":{"self":[{"href":"https:\/\/elradar.info\/index.php?rest_route=\/wp\/v2\/posts\/27738","targetHints":{"allow":["GET"]}}],"collection":[{"href":"https:\/\/elradar.info\/index.php?rest_route=\/wp\/v2\/posts"}],"about":[{"href":"https:\/\/elradar.info\/index.php?rest_route=\/wp\/v2\/types\/post"}],"author":[{"embeddable":true,"href":"https:\/\/elradar.info\/index.php?rest_route=\/wp\/v2\/users\/2"}],"replies":[{"embeddable":true,"href":"https:\/\/elradar.info\/index.php?rest_route=%2Fwp%2Fv2%2Fcomments&post=27738"}],"version-history":[{"count":1,"href":"https:\/\/elradar.info\/index.php?rest_route=\/wp\/v2\/posts\/27738\/revisions"}],"predecessor-version":[{"id":27741,"href":"https:\/\/elradar.info\/index.php?rest_route=\/wp\/v2\/posts\/27738\/revisions\/27741"}],"wp:featuredmedia":[{"embeddable":true,"href":"https:\/\/elradar.info\/index.php?rest_route=\/wp\/v2\/media\/27740"}],"wp:attachment":[{"href":"https:\/\/elradar.info\/index.php?rest_route=%2Fwp%2Fv2%2Fmedia&parent=27738"}],"wp:term":[{"taxonomy":"category","embeddable":true,"href":"https:\/\/elradar.info\/index.php?rest_route=%2Fwp%2Fv2%2Fcategories&post=27738"},{"taxonomy":"post_tag","embeddable":true,"href":"https:\/\/elradar.info\/index.php?rest_route=%2Fwp%2Fv2%2Ftags&post=27738"}],"curies":[{"name":"wp","href":"https:\/\/api.w.org\/{rel}","templated":true}]}}