{"id":27767,"date":"2022-09-13T12:38:00","date_gmt":"2022-09-13T16:38:00","guid":{"rendered":"http:\/\/elradar.info\/?p=27767"},"modified":"2024-02-01T12:15:28","modified_gmt":"2024-02-01T16:15:28","slug":"policia-despliega-gran-operativo-para-dar-con-los-sicarios-que-mataron-a-cuatro-personas-en-san-matias","status":"publish","type":"post","link":"https:\/\/elradar.info\/?p=27767","title":{"rendered":"<strong>Polic\u00eda despliega gran operativo para dar con los sicarios que mataron a cuatro personas en San Mat\u00edas<\/strong>"},"content":{"rendered":"\n<p>M\u00e1s de 170 efectivos de la Fuerza Especial de Lucha Contra el Crimen (FELCC) y la Fuerza Especial de Lucha Contra el Narcotr\u00e1fico (FELCN) realizan patrullajes terrestres y a\u00e9reos para capturar a los asesinos que causaron temor en el municipio de San Mat\u00edas, en el departamento de Santa Cruz.<\/p>\n\n\n\n<p><em>\u201cReafirmamos al pueblo boliviano que estos hechos no quedar\u00e1n impunes y queremos mandar un mensaje claro y conciso a los criminales que se encuentran escondidos, no descansaremos hasta encontrarlos y castigarlos con todo el peso de la ley\u201d<\/em>, advirti\u00f3 el viceministro de Defensa Social y Sustancias Controladas, Jaime Mamani.<\/p>\n\n\n\n<p>El d\u00eda s\u00e1bado fue encontrado el cuerpo de Weslin Ferreira, de 19 a\u00f1os, quien habr\u00eda sido asesinado con cortes en el cuerpo y, posteriormente, quemado. El d\u00eda domingo, Rosauro Maturana, de 38 a\u00f1os, fue acribillado a una cuadra de la plaza principal por dos sujetos a bordo de una moto, quienes le dispararon m\u00e1s de 14 veces. Ese mismo d\u00eda, un grupo armado irrumpi\u00f3 en un local de peleas de gallos, mataron a dos personas e hirieron a un tercero, se trataba de Jos\u00e9 David Shriqui Rapp, hijo del exalcalde de Trinidad, y Fabiano de Souza, ciudadano brasile\u00f1o. Fueron 4 asesinatos en 48 horas, por lo que la polic\u00eda tom\u00f3 medidas para dar con los responsables.<\/p>\n","protected":false},"excerpt":{"rendered":"<p>M\u00e1s de 170 efectivos de la Fuerza Especial de Lucha Contra el Crimen (FELCC) y la Fuerza Especial de Lucha Contra el Narcotr\u00e1fico (FELCN) realizan patrullajes terrestres y a\u00e9reos para capturar a los asesinos que causaron temor en el municipio de San Mat\u00edas, en el departamento de Santa Cruz. \u201cReafirmamos al pueblo boliviano que estos hechos no quedar\u00e1n impunes y queremos mandar un mensaje claro y conciso a los criminales que se encuentran escondidos, no descansaremos hasta encontrarlos y castigarlos con todo el peso de la ley\u201d, advirti\u00f3 el viceministro de Defensa Social y Sustancias Controladas, Jaime Mamani. El d\u00eda<\/p>\n","protected":false},"author":2,"featured_media":27769,"comment_status":"closed","ping_status":"open","sticky":false,"template":"","format":"standard","meta":{"_seopress_robots_primary_cat":"none","_seopress_titles_title":"","_seopress_titles_desc":"","_seopress_robots_index":"","_jetpack_memberships_contains_paid_content":false,"footnotes":""},"categories":[103],"tags":[109,457,679,4113,2023,4111,167,4112],"class_list":["post-27767","post","type-post","status-publish","format-standard","has-post-thumbnail","hentry","category-nacional","tag-bolivia","tag-felcc","tag-felcn","tag-jaime-mamani","tag-operativo","tag-san-matias","tag-santa-cruz","tag-sicarios"],"jetpack_featured_media_url":"https:\/\/elradar.info\/wp-content\/uploads\/2022\/09\/306881428_612240643643732_392418750527237621_n.jpg","jetpack_sharing_enabled":true,"amp_enabled":true,"_links":{"self":[{"href":"https:\/\/elradar.info\/index.php?rest_route=\/wp\/v2\/posts\/27767","targetHints":{"allow":["GET"]}}],"collection":[{"href":"https:\/\/elradar.info\/index.php?rest_route=\/wp\/v2\/posts"}],"about":[{"href":"https:\/\/elradar.info\/index.php?rest_route=\/wp\/v2\/types\/post"}],"author":[{"embeddable":true,"href":"https:\/\/elradar.info\/index.php?rest_route=\/wp\/v2\/users\/2"}],"replies":[{"embeddable":true,"href":"https:\/\/elradar.info\/index.php?rest_route=%2Fwp%2Fv2%2Fcomments&post=27767"}],"version-history":[{"count":1,"href":"https:\/\/elradar.info\/index.php?rest_route=\/wp\/v2\/posts\/27767\/revisions"}],"predecessor-version":[{"id":27770,"href":"https:\/\/elradar.info\/index.php?rest_route=\/wp\/v2\/posts\/27767\/revisions\/27770"}],"wp:featuredmedia":[{"embeddable":true,"href":"https:\/\/elradar.info\/index.php?rest_route=\/wp\/v2\/media\/27769"}],"wp:attachment":[{"href":"https:\/\/elradar.info\/index.php?rest_route=%2Fwp%2Fv2%2Fmedia&parent=27767"}],"wp:term":[{"taxonomy":"category","embeddable":true,"href":"https:\/\/elradar.info\/index.php?rest_route=%2Fwp%2Fv2%2Fcategories&post=27767"},{"taxonomy":"post_tag","embeddable":true,"href":"https:\/\/elradar.info\/index.php?rest_route=%2Fwp%2Fv2%2Ftags&post=27767"}],"curies":[{"name":"wp","href":"https:\/\/api.w.org\/{rel}","templated":true}]}}