{"id":27838,"date":"2022-09-14T13:43:29","date_gmt":"2022-09-14T17:43:29","guid":{"rendered":"http:\/\/elradar.info\/?p=27838"},"modified":"2024-02-01T12:15:27","modified_gmt":"2024-02-01T16:15:27","slug":"el-dirigente-de-adepcoca-freddy-machicado-fue-aprehendido-por-la-policia","status":"publish","type":"post","link":"https:\/\/elradar.info\/?p=27838","title":{"rendered":"<strong>El dirigente de ADEPCOCA, Freddy Machicado, fue aprehendido por la polic\u00eda<\/strong>"},"content":{"rendered":"\n<p>Al medio d\u00eda de hoy, el dirigente de la Asociaci\u00f3n Departamental de Productores de Coca (ADEPCOCA), Freddy Machicado, fue aprehendido por la polic\u00eda y trasladado a instalaciones de la Fuerza Especial de Lucha Contra el Crimen (FELCC). Esta aprehensi\u00f3n estar\u00eda relacionada con la violenta toma del edificio de esa asociaci\u00f3n, ocurrida el pasado jueves.<\/p>\n\n\n\n<p>Hace cuatro d\u00edas, ante los anuncios de que los hechos de violencia tendr\u00edan como resultado procesos en su contra, como principal instigador, Machicado expres\u00f3: <em>\u201cLos anuncios de procesos penales alborotar\u00edan m\u00e1s a la sociedad y a nuestros hermanos cocaleros, en este momento estamos buscando la calma. En caso de que la justicia y el Gobierno act\u00faen de esa forma, hay una poblaci\u00f3n que est\u00e1 dispuesta a salir a la ciudad de La Paz y en este caso ser\u00eda contraproducente\u201d<\/em>, afirm\u00f3.<\/p>\n\n\n\n<p>Mientras tanto, salieron a la luz videos que mostraron la violencia con la que se actu\u00f3 en la toma del mercado, y las agresiones sufridas por mujeres, ni\u00f1os y personas de la tercera edad.<\/p>\n","protected":false},"excerpt":{"rendered":"<p>Al medio d\u00eda de hoy, el dirigente de la Asociaci\u00f3n Departamental de Productores de Coca (ADEPCOCA), Freddy Machicado, fue aprehendido por la polic\u00eda y trasladado a instalaciones de la Fuerza Especial de Lucha Contra el Crimen (FELCC). Esta aprehensi\u00f3n estar\u00eda relacionada con la violenta toma del edificio de esa asociaci\u00f3n, ocurrida el pasado jueves. Hace cuatro d\u00edas, ante los anuncios de que los hechos de violencia tendr\u00edan como resultado procesos en su contra, como principal instigador, Machicado expres\u00f3: \u201cLos anuncios de procesos penales alborotar\u00edan m\u00e1s a la sociedad y a nuestros hermanos cocaleros, en este momento estamos buscando la calma.<\/p>\n","protected":false},"author":2,"featured_media":27840,"comment_status":"closed","ping_status":"open","sticky":false,"template":"","format":"standard","meta":{"_seopress_robots_primary_cat":"none","_seopress_titles_title":"","_seopress_titles_desc":"","_seopress_robots_index":"","_jetpack_memberships_contains_paid_content":false,"footnotes":""},"categories":[103],"tags":[2629,621,3758,109,2694,293],"class_list":["post-27838","post","type-post","status-publish","format-standard","has-post-thumbnail","hentry","category-nacional","tag-adepcoca","tag-aprehension","tag-asociacion-departamental-de-productores-de-coca","tag-bolivia","tag-freddy-machicado","tag-la-paz"],"jetpack_featured_media_url":"https:\/\/elradar.info\/wp-content\/uploads\/2022\/09\/WhatsApp-Image-2022-09-14-at-13.26.17.jpeg","jetpack_sharing_enabled":true,"amp_enabled":true,"_links":{"self":[{"href":"https:\/\/elradar.info\/index.php?rest_route=\/wp\/v2\/posts\/27838","targetHints":{"allow":["GET"]}}],"collection":[{"href":"https:\/\/elradar.info\/index.php?rest_route=\/wp\/v2\/posts"}],"about":[{"href":"https:\/\/elradar.info\/index.php?rest_route=\/wp\/v2\/types\/post"}],"author":[{"embeddable":true,"href":"https:\/\/elradar.info\/index.php?rest_route=\/wp\/v2\/users\/2"}],"replies":[{"embeddable":true,"href":"https:\/\/elradar.info\/index.php?rest_route=%2Fwp%2Fv2%2Fcomments&post=27838"}],"version-history":[{"count":1,"href":"https:\/\/elradar.info\/index.php?rest_route=\/wp\/v2\/posts\/27838\/revisions"}],"predecessor-version":[{"id":27841,"href":"https:\/\/elradar.info\/index.php?rest_route=\/wp\/v2\/posts\/27838\/revisions\/27841"}],"wp:featuredmedia":[{"embeddable":true,"href":"https:\/\/elradar.info\/index.php?rest_route=\/wp\/v2\/media\/27840"}],"wp:attachment":[{"href":"https:\/\/elradar.info\/index.php?rest_route=%2Fwp%2Fv2%2Fmedia&parent=27838"}],"wp:term":[{"taxonomy":"category","embeddable":true,"href":"https:\/\/elradar.info\/index.php?rest_route=%2Fwp%2Fv2%2Fcategories&post=27838"},{"taxonomy":"post_tag","embeddable":true,"href":"https:\/\/elradar.info\/index.php?rest_route=%2Fwp%2Fv2%2Ftags&post=27838"}],"curies":[{"name":"wp","href":"https:\/\/api.w.org\/{rel}","templated":true}]}}