{"id":28025,"date":"2022-09-20T16:06:08","date_gmt":"2022-09-20T20:06:08","guid":{"rendered":"http:\/\/elradar.info\/?p=28025"},"modified":"2024-02-01T12:15:24","modified_gmt":"2024-02-01T16:15:24","slug":"ministra-prada-la-gobernacion-de-santa-cruz-tiene-mas-de-bs-400-millones-sin-ejecutar","status":"publish","type":"post","link":"https:\/\/elradar.info\/?p=28025","title":{"rendered":"<strong>Ministra Prada: La gobernaci\u00f3n de Santa Cruz tiene m\u00e1s de Bs 400 millones sin ejecutar<\/strong>"},"content":{"rendered":"\n<p>La ministra de la Presidencia, Mar\u00eda Nela Prada, rebati\u00f3 el discurso que dio el gobernador de Santa Cruz, Fernando Camacho en la Sesi\u00f3n de Honor por el aniversario de ese departamento y lo calific\u00f3 de ireal y confrontacional&nbsp;<\/p>\n\n\n\n<p><em>\u201cEl amor al pueblo cruce\u00f1o, el amor al pueblo boliviano se demuestra con hechos, se demuestra con gesti\u00f3n, no con sus discursitos de machito peleador a los cuales busca tener acostumbrado al pueblo de Santa Cruz\u201d<\/em>, declar\u00f3 Prada, en conferencia de prensa, en la Casa Grande del Pueblo, sede de la presidencia del Estado.<\/p>\n\n\n\n<p><em>\u201cLa gobernaci\u00f3n de Santa Cruz tiene m\u00e1s de Bs 400 millones sin ejecutar, sin moverlos para beneficio del pueblo cruce\u00f1o, su incapacidad usted busca taparla buscando confrontaci\u00f3n\u201d<\/em>, dijo la ministra.<\/p>\n\n\n\n<p>As\u00ed tambi\u00e9n le record\u00f3 al gobernador que la propuesta t\u00e9cnica que present\u00f3 Santa Cruz en la mesa t\u00e9cnica de socializaci\u00f3n del Censo que se hizo en ese departamento carec\u00eda de total respaldo y fundamento t\u00e9cnico y record\u00f3 que fue se\u00f1alado por los organismos internacionales en dicha reuni\u00f3n, y la propuesta enviada recientemente est\u00e1 siendo analizada por el Instituto Nacional de Estad\u00edstica (INE).<\/p>\n\n\n\n<p><em>&#8220;Es importante se\u00f1alar que haciendo alusi\u00f3n a una propuesta t\u00e9cnica que en una mesa con organismos internacionales ha sido totalmente desestimada por falta de fundamentaci\u00f3n y argumentaci\u00f3n seria y t\u00e9cnica llevaron a nuestro departamento a paros, y eso quiere decir que han enga\u00f1ado al pueblo cruce\u00f1o\u201d<\/em>, enfatiz\u00f3.<\/p>\n","protected":false},"excerpt":{"rendered":"<p>La ministra de la Presidencia, Mar\u00eda Nela Prada, rebati\u00f3 el discurso que dio el gobernador de Santa Cruz, Fernando Camacho en la Sesi\u00f3n de Honor por el aniversario de ese departamento y lo calific\u00f3 de ireal y confrontacional&nbsp; \u201cEl amor al pueblo cruce\u00f1o, el amor al pueblo boliviano se demuestra con hechos, se demuestra con gesti\u00f3n, no con sus discursitos de machito peleador a los cuales busca tener acostumbrado al pueblo de Santa Cruz\u201d, declar\u00f3 Prada, en conferencia de prensa, en la Casa Grande del Pueblo, sede de la presidencia del Estado. \u201cLa gobernaci\u00f3n de Santa Cruz tiene m\u00e1s de<\/p>\n","protected":false},"author":2,"featured_media":28027,"comment_status":"closed","ping_status":"open","sticky":false,"template":"","format":"standard","meta":{"_seopress_robots_primary_cat":"none","_seopress_titles_title":"","_seopress_titles_desc":"","_seopress_robots_index":"","_jetpack_memberships_contains_paid_content":false,"footnotes":""},"categories":[103],"tags":[109,580,235,271,1383,167],"class_list":["post-28025","post","type-post","status-publish","format-standard","has-post-thumbnail","hentry","category-nacional","tag-bolivia","tag-gobernacion","tag-luis-fernando-camacho","tag-maria-nela-prada","tag-ministerio-de-la-presidencia","tag-santa-cruz"],"jetpack_featured_media_url":"https:\/\/elradar.info\/wp-content\/uploads\/2022\/09\/307722964_513449097450410_2396948717526778102_n.jpg","jetpack_sharing_enabled":true,"amp_enabled":true,"_links":{"self":[{"href":"https:\/\/elradar.info\/index.php?rest_route=\/wp\/v2\/posts\/28025","targetHints":{"allow":["GET"]}}],"collection":[{"href":"https:\/\/elradar.info\/index.php?rest_route=\/wp\/v2\/posts"}],"about":[{"href":"https:\/\/elradar.info\/index.php?rest_route=\/wp\/v2\/types\/post"}],"author":[{"embeddable":true,"href":"https:\/\/elradar.info\/index.php?rest_route=\/wp\/v2\/users\/2"}],"replies":[{"embeddable":true,"href":"https:\/\/elradar.info\/index.php?rest_route=%2Fwp%2Fv2%2Fcomments&post=28025"}],"version-history":[{"count":1,"href":"https:\/\/elradar.info\/index.php?rest_route=\/wp\/v2\/posts\/28025\/revisions"}],"predecessor-version":[{"id":28028,"href":"https:\/\/elradar.info\/index.php?rest_route=\/wp\/v2\/posts\/28025\/revisions\/28028"}],"wp:featuredmedia":[{"embeddable":true,"href":"https:\/\/elradar.info\/index.php?rest_route=\/wp\/v2\/media\/28027"}],"wp:attachment":[{"href":"https:\/\/elradar.info\/index.php?rest_route=%2Fwp%2Fv2%2Fmedia&parent=28025"}],"wp:term":[{"taxonomy":"category","embeddable":true,"href":"https:\/\/elradar.info\/index.php?rest_route=%2Fwp%2Fv2%2Fcategories&post=28025"},{"taxonomy":"post_tag","embeddable":true,"href":"https:\/\/elradar.info\/index.php?rest_route=%2Fwp%2Fv2%2Ftags&post=28025"}],"curies":[{"name":"wp","href":"https:\/\/api.w.org\/{rel}","templated":true}]}}