{"id":28131,"date":"2022-09-21T16:22:46","date_gmt":"2022-09-21T20:22:46","guid":{"rendered":"http:\/\/elradar.info\/?p=28131"},"modified":"2024-02-01T12:15:22","modified_gmt":"2024-02-01T16:15:22","slug":"ivan-arias-pretende-crear-una-federacion-de-transporte-paralela-a-la-existente-y-el-sector-ve-injerencia","status":"publish","type":"post","link":"https:\/\/elradar.info\/?p=28131","title":{"rendered":"<strong>Iv\u00e1n Arias pretende crear una federaci\u00f3n de transporte paralela a la existente y el sector ve injerencia<\/strong>"},"content":{"rendered":"\n<p>El alcalde de La Paz, Iv\u00e1n Arias, pretende crear una federaci\u00f3n del transporte paralela a la existente. Esta situaci\u00f3n gener\u00f3 molestia en este sector sindical, que anunci\u00f3 desde la pr\u00f3xima semana cercar a la ciudad e incluso hablan de un revocatorio.<\/p>\n\n\n\n<p>Esta determinaci\u00f3n fue asumida luego de un ampliado departamental que sostuvo el transporte, donde evidenciaron la injerencia no solo del alcalde, Iv\u00e1n Arias, sino tambi\u00e9n del concejal Lucio Quispe, del secretario de Movilidad y de otros funcionarios de la gesti\u00f3n de Luis Revilla.<\/p>\n\n\n\n<p>Declarados en estado de emergencia desconocieron a estas autoridades y cuestionaron severamente las actitudes que asume la autoridad edil, luego de que anunciara la pasada semana efectuar el reordenamiento vehicular en la ciudad y presentara a algunas personas como dirigentes de la federaci\u00f3n departamental de choferes para hacer creer a los pace\u00f1os que existe la aprobaci\u00f3n de este sector.<\/p>\n","protected":false},"excerpt":{"rendered":"<p>El alcalde de La Paz, Iv\u00e1n Arias, pretende crear una federaci\u00f3n del transporte paralela a la existente. Esta situaci\u00f3n gener\u00f3 molestia en este sector sindical, que anunci\u00f3 desde la pr\u00f3xima semana cercar a la ciudad e incluso hablan de un revocatorio. Esta determinaci\u00f3n fue asumida luego de un ampliado departamental que sostuvo el transporte, donde evidenciaron la injerencia no solo del alcalde, Iv\u00e1n Arias, sino tambi\u00e9n del concejal Lucio Quispe, del secretario de Movilidad y de otros funcionarios de la gesti\u00f3n de Luis Revilla. Declarados en estado de emergencia desconocieron a estas autoridades y cuestionaron severamente las actitudes que asume<\/p>\n","protected":false},"author":2,"featured_media":28133,"comment_status":"closed","ping_status":"open","sticky":false,"template":"","format":"standard","meta":{"_seopress_robots_primary_cat":"none","_seopress_titles_title":"","_seopress_titles_desc":"","_seopress_robots_index":"","_jetpack_memberships_contains_paid_content":false,"footnotes":""},"categories":[103],"tags":[109,4251,2753,300,293,1522],"class_list":["post-28131","post","type-post","status-publish","format-standard","has-post-thumbnail","hentry","category-nacional","tag-bolivia","tag-federacion-del-transporte","tag-injerencia","tag-ivan-arias","tag-la-paz","tag-revocatorio"],"jetpack_featured_media_url":"https:\/\/elradar.info\/wp-content\/uploads\/2022\/09\/306084158_946247746323663_1541180325946867719_n.jpg","jetpack_sharing_enabled":true,"amp_enabled":true,"_links":{"self":[{"href":"https:\/\/elradar.info\/index.php?rest_route=\/wp\/v2\/posts\/28131","targetHints":{"allow":["GET"]}}],"collection":[{"href":"https:\/\/elradar.info\/index.php?rest_route=\/wp\/v2\/posts"}],"about":[{"href":"https:\/\/elradar.info\/index.php?rest_route=\/wp\/v2\/types\/post"}],"author":[{"embeddable":true,"href":"https:\/\/elradar.info\/index.php?rest_route=\/wp\/v2\/users\/2"}],"replies":[{"embeddable":true,"href":"https:\/\/elradar.info\/index.php?rest_route=%2Fwp%2Fv2%2Fcomments&post=28131"}],"version-history":[{"count":1,"href":"https:\/\/elradar.info\/index.php?rest_route=\/wp\/v2\/posts\/28131\/revisions"}],"predecessor-version":[{"id":28134,"href":"https:\/\/elradar.info\/index.php?rest_route=\/wp\/v2\/posts\/28131\/revisions\/28134"}],"wp:featuredmedia":[{"embeddable":true,"href":"https:\/\/elradar.info\/index.php?rest_route=\/wp\/v2\/media\/28133"}],"wp:attachment":[{"href":"https:\/\/elradar.info\/index.php?rest_route=%2Fwp%2Fv2%2Fmedia&parent=28131"}],"wp:term":[{"taxonomy":"category","embeddable":true,"href":"https:\/\/elradar.info\/index.php?rest_route=%2Fwp%2Fv2%2Fcategories&post=28131"},{"taxonomy":"post_tag","embeddable":true,"href":"https:\/\/elradar.info\/index.php?rest_route=%2Fwp%2Fv2%2Ftags&post=28131"}],"curies":[{"name":"wp","href":"https:\/\/api.w.org\/{rel}","templated":true}]}}