{"id":28179,"date":"2022-09-22T12:22:33","date_gmt":"2022-09-22T16:22:33","guid":{"rendered":"http:\/\/elradar.info\/?p=28179"},"modified":"2024-02-01T12:15:21","modified_gmt":"2024-02-01T16:15:21","slug":"la-cao-y-la-cainco-se-desmarcan-del-paro-indefinido-de-camacho","status":"publish","type":"post","link":"https:\/\/elradar.info\/?p=28179","title":{"rendered":"<strong>La CAO y la Cainco se desmarcan del paro indefinido de Camacho<\/strong>"},"content":{"rendered":"\n<p>La C\u00e1mara Agropecuaria del Oriente (CAO) y la C\u00e1mara de Industria, Comercio, Servicios y Turismo de Santa Cruz (CAINCO) se desmarcaron del paro indefinido y otras medidas que impulsan Fernando Camacho y los c\u00edvicos cruce\u00f1os.\u00a0<\/p>\n\n\n\n<p>El presidente de la C\u00e1mara Agropecuaria del Oriente (CAO), Mario Justiniano, descart\u00f3 que el sector productivo de Santa Cruz acate un eventual paro regional y afirm\u00f3 que el Censo de Poblaci\u00f3n y Vivienda es un tema t\u00e9cnico.<\/p>\n\n\n\n<p>Similar criterio fue emitido por la C\u00e1mara de Industria, Comercio, Servicios y Turismo de Santa Cruz (CAINCO); ambas entidades confirmaron que no solo no acatar\u00e1n las movilizaciones, sino que no asistir\u00e1n al cabildo del 30 de este mes.<\/p>\n\n\n\n<p>Por su parte, Vicente Cu\u00e9llar, rector de la UAGRM y presidente del Comit\u00e9 Impulsor por el Censo dijo que <em>\u201cno creo que un paro indefinido pueda sostener la unidad del pueblo cruce\u00f1o; un paro puede dividirnos\u201d.<\/em><\/p>\n\n\n\n<p>Rolando Borda, ejecutivo de la Central Obrera Departamental de Santa Cruz ratific\u00f3 que los trabajadores no acatar\u00e1n ninguna imposici\u00f3n definida por quienes se atribuyen la representatividad de todo el departamento.<\/p>\n\n\n\n<p>A ocho d\u00edas del cabildo en el que la gobernaci\u00f3n, los c\u00edvicos pretenden tomar \u201cmedidas definitivas\u201d para hacer cumplir su demanda de que el censo se realice en 2023. Para algunos analistas pol\u00edticos<em> \u201cla fractura del bloque radical se hace evidente y la debilidad de sus exigencias y argumentos se impone a sus afanes pol\u00edticos\u201d.<\/em><\/p>\n","protected":false},"excerpt":{"rendered":"<p>La C\u00e1mara Agropecuaria del Oriente (CAO) y la C\u00e1mara de Industria, Comercio, Servicios y Turismo de Santa Cruz (CAINCO) se desmarcaron del paro indefinido y otras medidas que impulsan Fernando Camacho y los c\u00edvicos cruce\u00f1os.\u00a0 El presidente de la C\u00e1mara Agropecuaria del Oriente (CAO), Mario Justiniano, descart\u00f3 que el sector productivo de Santa Cruz acate un eventual paro regional y afirm\u00f3 que el Censo de Poblaci\u00f3n y Vivienda es un tema t\u00e9cnico. Similar criterio fue emitido por la C\u00e1mara de Industria, Comercio, Servicios y Turismo de Santa Cruz (CAINCO); ambas entidades confirmaron que no solo no acatar\u00e1n las movilizaciones, sino<\/p>\n","protected":false},"author":2,"featured_media":28181,"comment_status":"closed","ping_status":"open","sticky":false,"template":"","format":"standard","meta":{"_seopress_robots_primary_cat":"none","_seopress_titles_title":"","_seopress_titles_desc":"","_seopress_robots_index":"","_jetpack_memberships_contains_paid_content":false,"footnotes":""},"categories":[103],"tags":[109,4273,4274,4275,4272,4276,167],"class_list":["post-28179","post","type-post","status-publish","format-standard","has-post-thumbnail","hentry","category-nacional","tag-bolivia","tag-cainco","tag-camara-agropecuaria-del-oriente","tag-camara-de-industria","tag-cao","tag-comercio","tag-santa-cruz"],"jetpack_featured_media_url":"https:\/\/elradar.info\/wp-content\/uploads\/2022\/09\/cao.png","jetpack_sharing_enabled":true,"amp_enabled":true,"_links":{"self":[{"href":"https:\/\/elradar.info\/index.php?rest_route=\/wp\/v2\/posts\/28179","targetHints":{"allow":["GET"]}}],"collection":[{"href":"https:\/\/elradar.info\/index.php?rest_route=\/wp\/v2\/posts"}],"about":[{"href":"https:\/\/elradar.info\/index.php?rest_route=\/wp\/v2\/types\/post"}],"author":[{"embeddable":true,"href":"https:\/\/elradar.info\/index.php?rest_route=\/wp\/v2\/users\/2"}],"replies":[{"embeddable":true,"href":"https:\/\/elradar.info\/index.php?rest_route=%2Fwp%2Fv2%2Fcomments&post=28179"}],"version-history":[{"count":1,"href":"https:\/\/elradar.info\/index.php?rest_route=\/wp\/v2\/posts\/28179\/revisions"}],"predecessor-version":[{"id":28182,"href":"https:\/\/elradar.info\/index.php?rest_route=\/wp\/v2\/posts\/28179\/revisions\/28182"}],"wp:featuredmedia":[{"embeddable":true,"href":"https:\/\/elradar.info\/index.php?rest_route=\/wp\/v2\/media\/28181"}],"wp:attachment":[{"href":"https:\/\/elradar.info\/index.php?rest_route=%2Fwp%2Fv2%2Fmedia&parent=28179"}],"wp:term":[{"taxonomy":"category","embeddable":true,"href":"https:\/\/elradar.info\/index.php?rest_route=%2Fwp%2Fv2%2Fcategories&post=28179"},{"taxonomy":"post_tag","embeddable":true,"href":"https:\/\/elradar.info\/index.php?rest_route=%2Fwp%2Fv2%2Ftags&post=28179"}],"curies":[{"name":"wp","href":"https:\/\/api.w.org\/{rel}","templated":true}]}}