{"id":28311,"date":"2022-09-24T10:36:40","date_gmt":"2022-09-24T14:36:40","guid":{"rendered":"http:\/\/elradar.info\/?p=28311"},"modified":"2024-02-01T12:15:19","modified_gmt":"2024-02-01T16:15:19","slug":"pando-celebra-hoy-su-efemeride-departamental","status":"publish","type":"post","link":"https:\/\/elradar.info\/?p=28311","title":{"rendered":"<strong>Pando celebra hoy su efem\u00e9ride departamental<\/strong>"},"content":{"rendered":"\n<p>El departamento de Pando fue creado el 24 de septiembre de 1938, en memoria del expresidente de Bolivia, general Jos\u00e9 Manuel Pando, esto como un homenaje al primer mandatario que se preocup\u00f3 por explorar el noroeste boliviano. El general Pando tambi\u00e9n encabez\u00f3 a las fuerzas militares bolivianas en la defensa del Acre, contra el Brasil.<\/p>\n\n\n\n<p>Pando es el departamento m\u00e1s joven del Estado Plurinacional de Bolivia, y comparte su efem\u00e9ride departamental con Santa Cruz, que festeja el levantamiento independentista al influjo de la Revoluci\u00f3n Argentina de 1810. Es por esta coincidencia que la poblaci\u00f3n pandina enfatiza la celebraci\u00f3n del 11 de octubre, como D\u00eda de la gloria ind\u00edgena que salv\u00f3 Cobija para Bolivia, tras la Batalla de Bah\u00eda.<\/p>\n\n\n\n<p>El territorio del actual departamento de Pando estuvo habitado por diferentes tribus ind\u00edgenas n\u00f3madas pertenecientes a las tribus amaz\u00f3nicas de los grupos \u00e9tnicos Yaminahuas, Tacanas, Ese&#8217;ejjas, Toromonas, Machineris, Cavine\u00f1os y Pacahuaras. Tambi\u00e9n fueron encontrados hallazgos de un sitio arqueol\u00f3gico en la localidad de Las Piedras al sur del departamento, se tratar\u00eda de una muralla hecha de piedra que probablemente habr\u00eda sido construida por una etnia organizada contra la expansi\u00f3n del Imperio Incaico.<\/p>\n\n\n\n<p>Pando celebra hoy 84 a\u00f1os de su fundaci\u00f3n.<\/p>\n","protected":false},"excerpt":{"rendered":"<p>El departamento de Pando fue creado el 24 de septiembre de 1938, en memoria del expresidente de Bolivia, general Jos\u00e9 Manuel Pando, esto como un homenaje al primer mandatario que se preocup\u00f3 por explorar el noroeste boliviano. El general Pando tambi\u00e9n encabez\u00f3 a las fuerzas militares bolivianas en la defensa del Acre, contra el Brasil. Pando es el departamento m\u00e1s joven del Estado Plurinacional de Bolivia, y comparte su efem\u00e9ride departamental con Santa Cruz, que festeja el levantamiento independentista al influjo de la Revoluci\u00f3n Argentina de 1810. Es por esta coincidencia que la poblaci\u00f3n pandina enfatiza la celebraci\u00f3n del 11<\/p>\n","protected":false},"author":2,"featured_media":28315,"comment_status":"closed","ping_status":"open","sticky":false,"template":"","format":"standard","meta":{"_seopress_robots_primary_cat":"none","_seopress_titles_title":"","_seopress_titles_desc":"","_seopress_robots_index":"","_jetpack_memberships_contains_paid_content":false,"footnotes":""},"categories":[103],"tags":[3882,402,109,2342],"class_list":["post-28311","post","type-post","status-publish","format-standard","has-post-thumbnail","hentry","category-nacional","tag-24-de-septiembre","tag-aniversario","tag-bolivia","tag-pando"],"jetpack_featured_media_url":"https:\/\/elradar.info\/wp-content\/uploads\/2022\/09\/4159650463_152ddfc1df_b.jpg","jetpack_sharing_enabled":true,"amp_enabled":true,"_links":{"self":[{"href":"https:\/\/elradar.info\/index.php?rest_route=\/wp\/v2\/posts\/28311","targetHints":{"allow":["GET"]}}],"collection":[{"href":"https:\/\/elradar.info\/index.php?rest_route=\/wp\/v2\/posts"}],"about":[{"href":"https:\/\/elradar.info\/index.php?rest_route=\/wp\/v2\/types\/post"}],"author":[{"embeddable":true,"href":"https:\/\/elradar.info\/index.php?rest_route=\/wp\/v2\/users\/2"}],"replies":[{"embeddable":true,"href":"https:\/\/elradar.info\/index.php?rest_route=%2Fwp%2Fv2%2Fcomments&post=28311"}],"version-history":[{"count":1,"href":"https:\/\/elradar.info\/index.php?rest_route=\/wp\/v2\/posts\/28311\/revisions"}],"predecessor-version":[{"id":28314,"href":"https:\/\/elradar.info\/index.php?rest_route=\/wp\/v2\/posts\/28311\/revisions\/28314"}],"wp:featuredmedia":[{"embeddable":true,"href":"https:\/\/elradar.info\/index.php?rest_route=\/wp\/v2\/media\/28315"}],"wp:attachment":[{"href":"https:\/\/elradar.info\/index.php?rest_route=%2Fwp%2Fv2%2Fmedia&parent=28311"}],"wp:term":[{"taxonomy":"category","embeddable":true,"href":"https:\/\/elradar.info\/index.php?rest_route=%2Fwp%2Fv2%2Fcategories&post=28311"},{"taxonomy":"post_tag","embeddable":true,"href":"https:\/\/elradar.info\/index.php?rest_route=%2Fwp%2Fv2%2Ftags&post=28311"}],"curies":[{"name":"wp","href":"https:\/\/api.w.org\/{rel}","templated":true}]}}