{"id":28316,"date":"2022-09-24T10:51:23","date_gmt":"2022-09-24T14:51:23","guid":{"rendered":"http:\/\/elradar.info\/?p=28316"},"modified":"2024-02-01T12:15:19","modified_gmt":"2024-02-01T16:15:19","slug":"efemeride-crucena-aniversario-del-grito-libertario-del-24-de-septiembre-de-1810","status":"publish","type":"post","link":"https:\/\/elradar.info\/?p=28316","title":{"rendered":"<strong>Efem\u00e9ride cruce\u00f1a, aniversario del grito libertario del 24 de septiembre de 1810&nbsp;<\/strong>"},"content":{"rendered":"\n<p>Santa Cruz de la Sierra fue fundada el 26 de febrero de 1561 por el capit\u00e1n espa\u00f1ol \u00d1uflo de Chaves, sin embargo, con el tiempo la ciudad sufri\u00f3 varios cambios de ubicaci\u00f3n. Su espacio geogr\u00e1fico actual fue conocido por los indios chan\u00e9s (una etnia de origen Arawak que emigr\u00f3 desde el Mar Caribe desde hace 2500 a\u00f1os) como Las Llanuras del Grigot\u00e1. A partir del siglo XVI, la regi\u00f3n fue conquistada por grupos guaran\u00edes migrantes, de ah\u00ed surge la palabra Chiriguanae o Chiriguan\u00e1 que puede ser interpretado como &#8220;<em>el que tiene esposa chan\u00e9<\/em>&#8220;.<\/p>\n\n\n\n<p>\u00d1uflo de Chaves llam\u00f3 Santa Cruz a la ciudad que fund\u00f3 en honor a su ciudad natal, ubicada en Extremadura. Esta primera ubicaci\u00f3n es conocida en la actualidad como \u201cSanta Cruz la Vieja\u201d.<\/p>\n\n\n\n<p>Luego de la expulsi\u00f3n de los jesuitas, Am\u00e9rica se encontraba totalmente convulsionada, es as\u00ed que Antonio Vicente Seoane y Jos\u00e9 Manuel Lemoine convencieron al coronel Antonio Su\u00e1rez para unirse a la causa revolucionaria. Es en honor al grito libertario del 24 de septiembre de 1810 que se declar\u00f3 ese d\u00eda como efem\u00e9ride departamental.<\/p>\n\n\n\n<p>Posteriormente, el advenimiento de la Rep\u00fablica cambi\u00f3 el estatus pol\u00edtico-administrativo de la regi\u00f3n, y Santa Cruz pas\u00f3 a ser uno de los cinco departamentos en el nacimiento de Bolivia. Es as\u00ed que hoy, el departamento con mayor extensi\u00f3n de Bolivia cumple 212 a\u00f1os de su grito libertario y 461 a\u00f1os desde su fundaci\u00f3n. \u00a1Felicidades Santa Cruz!<\/p>\n","protected":false},"excerpt":{"rendered":"<p>Santa Cruz de la Sierra fue fundada el 26 de febrero de 1561 por el capit\u00e1n espa\u00f1ol \u00d1uflo de Chaves, sin embargo, con el tiempo la ciudad sufri\u00f3 varios cambios de ubicaci\u00f3n. Su espacio geogr\u00e1fico actual fue conocido por los indios chan\u00e9s (una etnia de origen Arawak que emigr\u00f3 desde el Mar Caribe desde hace 2500 a\u00f1os) como Las Llanuras del Grigot\u00e1. A partir del siglo XVI, la regi\u00f3n fue conquistada por grupos guaran\u00edes migrantes, de ah\u00ed surge la palabra Chiriguanae o Chiriguan\u00e1 que puede ser interpretado como &#8220;el que tiene esposa chan\u00e9&#8220;. \u00d1uflo de Chaves llam\u00f3 Santa Cruz a<\/p>\n","protected":false},"author":2,"featured_media":28318,"comment_status":"closed","ping_status":"open","sticky":false,"template":"","format":"standard","meta":{"_seopress_robots_primary_cat":"none","_seopress_titles_title":"","_seopress_titles_desc":"","_seopress_robots_index":"","_jetpack_memberships_contains_paid_content":false,"footnotes":""},"categories":[103],"tags":[3882,402,109,2140,167],"class_list":["post-28316","post","type-post","status-publish","format-standard","has-post-thumbnail","hentry","category-nacional","tag-24-de-septiembre","tag-aniversario","tag-bolivia","tag-primer-grito-libertario","tag-santa-cruz"],"jetpack_featured_media_url":"https:\/\/elradar.info\/wp-content\/uploads\/2022\/09\/Aniversario-SantaCruz-creacion-Pando-1024x682-1.jpg","jetpack_sharing_enabled":true,"amp_enabled":true,"_links":{"self":[{"href":"https:\/\/elradar.info\/index.php?rest_route=\/wp\/v2\/posts\/28316","targetHints":{"allow":["GET"]}}],"collection":[{"href":"https:\/\/elradar.info\/index.php?rest_route=\/wp\/v2\/posts"}],"about":[{"href":"https:\/\/elradar.info\/index.php?rest_route=\/wp\/v2\/types\/post"}],"author":[{"embeddable":true,"href":"https:\/\/elradar.info\/index.php?rest_route=\/wp\/v2\/users\/2"}],"replies":[{"embeddable":true,"href":"https:\/\/elradar.info\/index.php?rest_route=%2Fwp%2Fv2%2Fcomments&post=28316"}],"version-history":[{"count":1,"href":"https:\/\/elradar.info\/index.php?rest_route=\/wp\/v2\/posts\/28316\/revisions"}],"predecessor-version":[{"id":28319,"href":"https:\/\/elradar.info\/index.php?rest_route=\/wp\/v2\/posts\/28316\/revisions\/28319"}],"wp:featuredmedia":[{"embeddable":true,"href":"https:\/\/elradar.info\/index.php?rest_route=\/wp\/v2\/media\/28318"}],"wp:attachment":[{"href":"https:\/\/elradar.info\/index.php?rest_route=%2Fwp%2Fv2%2Fmedia&parent=28316"}],"wp:term":[{"taxonomy":"category","embeddable":true,"href":"https:\/\/elradar.info\/index.php?rest_route=%2Fwp%2Fv2%2Fcategories&post=28316"},{"taxonomy":"post_tag","embeddable":true,"href":"https:\/\/elradar.info\/index.php?rest_route=%2Fwp%2Fv2%2Ftags&post=28316"}],"curies":[{"name":"wp","href":"https:\/\/api.w.org\/{rel}","templated":true}]}}