{"id":28337,"date":"2022-09-26T11:56:07","date_gmt":"2022-09-26T15:56:07","guid":{"rendered":"http:\/\/elradar.info\/?p=28337"},"modified":"2024-02-01T12:15:19","modified_gmt":"2024-02-01T16:15:19","slug":"raul-uria-dice-haber-sido-ignorado-por-freddy-machicado-dentro-del-penal-de-san-pedro","status":"publish","type":"post","link":"https:\/\/elradar.info\/?p=28337","title":{"rendered":"<strong>Ra\u00fal Ur\u00eda dice haber sido ignorado por Freddy Machicado dentro del penal de San Pedro<\/strong>"},"content":{"rendered":"\n<p>En medio de una investigaci\u00f3n abierta por supuesto tr\u00e1fico de armas en relaci\u00f3n a la violenta toma del mercado de coca de Arnold Alanes, la justicia boliviana determin\u00f3 detener preventivamente al presidente de la &#8220;Juventud Yungue\u00f1a&#8221;, Ra\u00fal Ur\u00eda. La detenci\u00f3n se llev\u00f3 a cabo m\u00e1s de diez d\u00edas atr\u00e1s, cuando se aprestaba para irse al departamento del Beni.<\/p>\n\n\n\n<p>Luego de su detenci\u00f3n y posterior traslado al penal de San Pedro, donde deber\u00eda permanecer por seis meses, Ur\u00eda cont\u00f3 todo aquello por lo que tuvo que pasar como interno \u201cnuevo\u201d. El primer d\u00eda los reos le cobraron 200 bolivianos por derecho de ingreso, pago que deb\u00eda hacer o, de lo contrario, deb\u00eda limpiar los ba\u00f1os y lavar los servicios, como no ten\u00eda el dinero y no quiso realizar las tareas fue golpeado por los internos.<\/p>\n\n\n\n<p>Ur\u00eda tambi\u00e9n relat\u00f3 haberse encontrado con Machicado, pero que, en lugar de ofrecerle protecci\u00f3n, este solo le mostr\u00f3 indiferencia. En declaraciones a los medios de comunicaci\u00f3n, pidi\u00f3 ayuda a los dirigentes de la regional de Chamaca para sobrevivir dentro la c\u00e1rcel y no ser olvidado.<\/p>\n\n\n\n<p><em>\u201cVoy a salir de aqu\u00ed, en esta lucha, voy a seguir defendiendo ADEPCOCA, pero cu\u00eddense porque en el propio directorio del Machicado hay traidores\u201d<\/em>, asegur\u00f3 Ur\u00eda.<\/p>\n","protected":false},"excerpt":{"rendered":"<p>En medio de una investigaci\u00f3n abierta por supuesto tr\u00e1fico de armas en relaci\u00f3n a la violenta toma del mercado de coca de Arnold Alanes, la justicia boliviana determin\u00f3 detener preventivamente al presidente de la &#8220;Juventud Yungue\u00f1a&#8221;, Ra\u00fal Ur\u00eda. La detenci\u00f3n se llev\u00f3 a cabo m\u00e1s de diez d\u00edas atr\u00e1s, cuando se aprestaba para irse al departamento del Beni. Luego de su detenci\u00f3n y posterior traslado al penal de San Pedro, donde deber\u00eda permanecer por seis meses, Ur\u00eda cont\u00f3 todo aquello por lo que tuvo que pasar como interno \u201cnuevo\u201d. El primer d\u00eda los reos le cobraron 200 bolivianos por derecho<\/p>\n","protected":false},"author":2,"featured_media":28339,"comment_status":"closed","ping_status":"open","sticky":false,"template":"","format":"standard","meta":{"_seopress_robots_primary_cat":"none","_seopress_titles_title":"","_seopress_titles_desc":"","_seopress_robots_index":"","_jetpack_memberships_contains_paid_content":false,"footnotes":""},"categories":[103],"tags":[2629,109,2694,1411,4265],"class_list":["post-28337","post","type-post","status-publish","format-standard","has-post-thumbnail","hentry","category-nacional","tag-adepcoca","tag-bolivia","tag-freddy-machicado","tag-penal-de-san-pedro","tag-raul-uria"],"jetpack_featured_media_url":"https:\/\/elradar.info\/wp-content\/uploads\/2022\/09\/uria.png","jetpack_sharing_enabled":true,"amp_enabled":true,"_links":{"self":[{"href":"https:\/\/elradar.info\/index.php?rest_route=\/wp\/v2\/posts\/28337","targetHints":{"allow":["GET"]}}],"collection":[{"href":"https:\/\/elradar.info\/index.php?rest_route=\/wp\/v2\/posts"}],"about":[{"href":"https:\/\/elradar.info\/index.php?rest_route=\/wp\/v2\/types\/post"}],"author":[{"embeddable":true,"href":"https:\/\/elradar.info\/index.php?rest_route=\/wp\/v2\/users\/2"}],"replies":[{"embeddable":true,"href":"https:\/\/elradar.info\/index.php?rest_route=%2Fwp%2Fv2%2Fcomments&post=28337"}],"version-history":[{"count":1,"href":"https:\/\/elradar.info\/index.php?rest_route=\/wp\/v2\/posts\/28337\/revisions"}],"predecessor-version":[{"id":28340,"href":"https:\/\/elradar.info\/index.php?rest_route=\/wp\/v2\/posts\/28337\/revisions\/28340"}],"wp:featuredmedia":[{"embeddable":true,"href":"https:\/\/elradar.info\/index.php?rest_route=\/wp\/v2\/media\/28339"}],"wp:attachment":[{"href":"https:\/\/elradar.info\/index.php?rest_route=%2Fwp%2Fv2%2Fmedia&parent=28337"}],"wp:term":[{"taxonomy":"category","embeddable":true,"href":"https:\/\/elradar.info\/index.php?rest_route=%2Fwp%2Fv2%2Fcategories&post=28337"},{"taxonomy":"post_tag","embeddable":true,"href":"https:\/\/elradar.info\/index.php?rest_route=%2Fwp%2Fv2%2Ftags&post=28337"}],"curies":[{"name":"wp","href":"https:\/\/api.w.org\/{rel}","templated":true}]}}