{"id":28414,"date":"2022-09-27T15:45:35","date_gmt":"2022-09-27T19:45:35","guid":{"rendered":"http:\/\/elradar.info\/?p=28414"},"modified":"2024-02-01T12:15:18","modified_gmt":"2024-02-01T16:15:18","slug":"las-grandes-empresas-que-usen-gas-natural-para-producir-energia-electrica-deberan-integrarse-al-sistema-interconectado-nacional","status":"publish","type":"post","link":"https:\/\/elradar.info\/?p=28414","title":{"rendered":"<strong>Las grandes empresas que usen gas natural para producir energ\u00eda el\u00e9ctrica deber\u00e1n integrarse al sistema interconectado nacional<\/strong>"},"content":{"rendered":"\n<p>El gobierno nacional, mediante el Decreto Supremo 4794, modific\u00f3 el Reglamento de Distribuci\u00f3n de Gas Natural por Redes, con el fin de que las empresas que generen energ\u00eda el\u00e9ctrica con gas natural se integren al sistema interconectado nacional.<\/p>\n\n\n\n<p>El precio m\u00f3dico del gas natural est\u00e1 destinado a la poblaci\u00f3n en general, especialmente, a las familias m\u00e1s pobres, por ello, es responsabilidad del Estado y del nivel central de gobierno administrar de la mejor manera sus diferentes recursos para un justo y eficaz aprovechamiento.<\/p>\n\n\n\n<p>El presidente, Luis Arce Catacora, reconoce el papel de la poblaci\u00f3n en la defensa de nuestros recursos naturales. Gracias a la lucha del pueblo y la nacionalizaci\u00f3n, Bolivia ingres\u00f3 desde 2006 casi $us 50 millones por la exportaci\u00f3n de gas natural.<\/p>\n\n\n\n<p>En este entendido, la poblaci\u00f3n se beneficia no solo con el combustible fundamental para cocinar los alimentos diarios, sino tambi\u00e9n para su uso en peque\u00f1os y medianos emprendimientos: restaurantes, empresas manufactureras, panader\u00edas, etc., adem\u00e1s del transporte. Por lo tanto, si se quiere hacer un uso responsable de este combustible, el mismo no puede ser subvencionado para el lucro de grandes potentados industriales.&nbsp;<\/p>\n","protected":false},"excerpt":{"rendered":"<p>El gobierno nacional, mediante el Decreto Supremo 4794, modific\u00f3 el Reglamento de Distribuci\u00f3n de Gas Natural por Redes, con el fin de que las empresas que generen energ\u00eda el\u00e9ctrica con gas natural se integren al sistema interconectado nacional. El precio m\u00f3dico del gas natural est\u00e1 destinado a la poblaci\u00f3n en general, especialmente, a las familias m\u00e1s pobres, por ello, es responsabilidad del Estado y del nivel central de gobierno administrar de la mejor manera sus diferentes recursos para un justo y eficaz aprovechamiento. El presidente, Luis Arce Catacora, reconoce el papel de la poblaci\u00f3n en la defensa de nuestros recursos<\/p>\n","protected":false},"author":2,"featured_media":28416,"comment_status":"closed","ping_status":"open","sticky":false,"template":"","format":"standard","meta":{"_seopress_robots_primary_cat":"none","_seopress_titles_title":"","_seopress_titles_desc":"","_seopress_robots_index":"","_jetpack_memberships_contains_paid_content":false,"footnotes":""},"categories":[103],"tags":[109,4367,4368,708,120,4366],"class_list":["post-28414","post","type-post","status-publish","format-standard","has-post-thumbnail","hentry","category-nacional","tag-bolivia","tag-empresas","tag-energia-electrica","tag-gobierno-nacional","tag-luis-arce-catacora","tag-sistema-interconectado-nacional"],"jetpack_featured_media_url":"https:\/\/elradar.info\/wp-content\/uploads\/2022\/09\/electricidad-1.jpg","jetpack_sharing_enabled":true,"amp_enabled":true,"_links":{"self":[{"href":"https:\/\/elradar.info\/index.php?rest_route=\/wp\/v2\/posts\/28414","targetHints":{"allow":["GET"]}}],"collection":[{"href":"https:\/\/elradar.info\/index.php?rest_route=\/wp\/v2\/posts"}],"about":[{"href":"https:\/\/elradar.info\/index.php?rest_route=\/wp\/v2\/types\/post"}],"author":[{"embeddable":true,"href":"https:\/\/elradar.info\/index.php?rest_route=\/wp\/v2\/users\/2"}],"replies":[{"embeddable":true,"href":"https:\/\/elradar.info\/index.php?rest_route=%2Fwp%2Fv2%2Fcomments&post=28414"}],"version-history":[{"count":1,"href":"https:\/\/elradar.info\/index.php?rest_route=\/wp\/v2\/posts\/28414\/revisions"}],"predecessor-version":[{"id":28417,"href":"https:\/\/elradar.info\/index.php?rest_route=\/wp\/v2\/posts\/28414\/revisions\/28417"}],"wp:featuredmedia":[{"embeddable":true,"href":"https:\/\/elradar.info\/index.php?rest_route=\/wp\/v2\/media\/28416"}],"wp:attachment":[{"href":"https:\/\/elradar.info\/index.php?rest_route=%2Fwp%2Fv2%2Fmedia&parent=28414"}],"wp:term":[{"taxonomy":"category","embeddable":true,"href":"https:\/\/elradar.info\/index.php?rest_route=%2Fwp%2Fv2%2Fcategories&post=28414"},{"taxonomy":"post_tag","embeddable":true,"href":"https:\/\/elradar.info\/index.php?rest_route=%2Fwp%2Fv2%2Ftags&post=28414"}],"curies":[{"name":"wp","href":"https:\/\/api.w.org\/{rel}","templated":true}]}}