{"id":28537,"date":"2022-09-29T18:48:26","date_gmt":"2022-09-29T22:48:26","guid":{"rendered":"http:\/\/elradar.info\/?p=28537"},"modified":"2024-02-01T12:14:50","modified_gmt":"2024-02-01T16:14:50","slug":"indican-que-las-8-demandas-de-los-civicos-crucenos-para-citar-al-cabildo-no-tienen-fundamentos","status":"publish","type":"post","link":"https:\/\/elradar.info\/?p=28537","title":{"rendered":"<strong>Indican que las 8 demandas de los c\u00edvicos cruce\u00f1os para citar al cabildo no tienen fundamentos&nbsp;<\/strong>"},"content":{"rendered":"\n<p>Los c\u00edvicos cruce\u00f1os imponen ocho demandas para realizar el cabildo de este viernes: censo el 2023, abrogaci\u00f3n de la Ley del INE, reforma judicial, freno de avasallamientos de tierras, \u00e1reas protegidas, pacto fiscal, nuevo padr\u00f3n electoral y carta blanca a las decisiones que tomen los c\u00edvicos.<\/p>\n\n\n\n<p>El ministro de Obras P\u00fablicas, \u00c9dgar Monta\u00f1o afirm\u00f3 que los c\u00edvicos, sin ser autoridades electas, pretenden querer gobernar al pueblo cruce\u00f1o, por encima de las decisiones de la Asamblea Legislativa Plurinacional, el Consejo Nacional de Autonom\u00edas y el Poder Ejecutivo, \u00f3rganos a trav\u00e9s de los cuales gobierna el pueblo boliviano a trav\u00e9s de su voto universal y directo.<\/p>\n\n\n\n<p>Asimismo, se\u00f1al\u00f3 que el gobernador Fernando Camacho se qued\u00f3 solo y que la poblaci\u00f3n cruce\u00f1a entendi\u00f3 dicha situaci\u00f3n. <em>\u201cEl Tribunal Departamental Electoral le ha puesto un freno en seco, \u00e9l pensaba que iba a estar nuevamente dirigiendo el cabildo y le han dicho que no puede, porque efectivamente sus aseveraciones son de racismo y discriminaci\u00f3n y eso no va en consonancia con los derechos que tiene la poblaci\u00f3n de Santa Cruz\u201d.<\/em><\/p>\n\n\n\n<p>Por su parte, el Ministro de Planificaci\u00f3n, Sergio Cusicanqui, convoc\u00f3 al rector de la Universidad Gabriel Ren\u00e9 Moreno a participar de un encuentro el pr\u00f3ximo 11 de octubre para abordar la problem\u00e1tica del Censo.<\/p>\n","protected":false},"excerpt":{"rendered":"<p>Los c\u00edvicos cruce\u00f1os imponen ocho demandas para realizar el cabildo de este viernes: censo el 2023, abrogaci\u00f3n de la Ley del INE, reforma judicial, freno de avasallamientos de tierras, \u00e1reas protegidas, pacto fiscal, nuevo padr\u00f3n electoral y carta blanca a las decisiones que tomen los c\u00edvicos. El ministro de Obras P\u00fablicas, \u00c9dgar Monta\u00f1o afirm\u00f3 que los c\u00edvicos, sin ser autoridades electas, pretenden querer gobernar al pueblo cruce\u00f1o, por encima de las decisiones de la Asamblea Legislativa Plurinacional, el Consejo Nacional de Autonom\u00edas y el Poder Ejecutivo, \u00f3rganos a trav\u00e9s de los cuales gobierna el pueblo boliviano a trav\u00e9s de su<\/p>\n","protected":false},"author":2,"featured_media":28539,"comment_status":"closed","ping_status":"open","sticky":false,"template":"","format":"standard","meta":{"_seopress_robots_primary_cat":"none","_seopress_titles_title":"","_seopress_titles_desc":"","_seopress_robots_index":"","_jetpack_memberships_contains_paid_content":false,"footnotes":""},"categories":[103],"tags":[109,1517,2152,584,4403,235,167],"class_list":["post-28537","post","type-post","status-publish","format-standard","has-post-thumbnail","hentry","category-nacional","tag-bolivia","tag-cabildo","tag-demandas","tag-edgar-montano","tag-fundamentos","tag-luis-fernando-camacho","tag-santa-cruz"],"jetpack_featured_media_url":"https:\/\/elradar.info\/wp-content\/uploads\/2022\/09\/310225559_640073194378531_727486101513036917_n.jpg","jetpack_sharing_enabled":true,"amp_enabled":true,"_links":{"self":[{"href":"https:\/\/elradar.info\/index.php?rest_route=\/wp\/v2\/posts\/28537","targetHints":{"allow":["GET"]}}],"collection":[{"href":"https:\/\/elradar.info\/index.php?rest_route=\/wp\/v2\/posts"}],"about":[{"href":"https:\/\/elradar.info\/index.php?rest_route=\/wp\/v2\/types\/post"}],"author":[{"embeddable":true,"href":"https:\/\/elradar.info\/index.php?rest_route=\/wp\/v2\/users\/2"}],"replies":[{"embeddable":true,"href":"https:\/\/elradar.info\/index.php?rest_route=%2Fwp%2Fv2%2Fcomments&post=28537"}],"version-history":[{"count":1,"href":"https:\/\/elradar.info\/index.php?rest_route=\/wp\/v2\/posts\/28537\/revisions"}],"predecessor-version":[{"id":28540,"href":"https:\/\/elradar.info\/index.php?rest_route=\/wp\/v2\/posts\/28537\/revisions\/28540"}],"wp:featuredmedia":[{"embeddable":true,"href":"https:\/\/elradar.info\/index.php?rest_route=\/wp\/v2\/media\/28539"}],"wp:attachment":[{"href":"https:\/\/elradar.info\/index.php?rest_route=%2Fwp%2Fv2%2Fmedia&parent=28537"}],"wp:term":[{"taxonomy":"category","embeddable":true,"href":"https:\/\/elradar.info\/index.php?rest_route=%2Fwp%2Fv2%2Fcategories&post=28537"},{"taxonomy":"post_tag","embeddable":true,"href":"https:\/\/elradar.info\/index.php?rest_route=%2Fwp%2Fv2%2Ftags&post=28537"}],"curies":[{"name":"wp","href":"https:\/\/api.w.org\/{rel}","templated":true}]}}