{"id":28562,"date":"2022-09-30T14:24:36","date_gmt":"2022-09-30T18:24:36","guid":{"rendered":"http:\/\/elradar.info\/?p=28562"},"modified":"2024-02-01T12:14:50","modified_gmt":"2024-02-01T16:14:50","slug":"este-viernes-las-clases-seran-normales-en-santa-cruz","status":"publish","type":"post","link":"https:\/\/elradar.info\/?p=28562","title":{"rendered":"<strong>Este viernes, las clases ser\u00e1n normales en Santa Cruz<\/strong>"},"content":{"rendered":"\n<p>Las clases en el departamento de Santa Cruz este viernes son normales en los dos turnos, ma\u00f1ana y tarde, esta determinaci\u00f3n es de conocimiento de los pap\u00e1s y profesores, inform\u00f3 el viceministro de Educaci\u00f3n Regular, Bartolom\u00e9 Puma.<\/p>\n\n\n\n<p><em>\u201cA trav\u00e9s de la Direcci\u00f3n Departamental, directores distritales y unidades educativas de Santa Cruz, hemos lanzado comunicados informando que las actividades educativas son normales\u201d<\/em>, indic\u00f3 el viceministro.<\/p>\n\n\n\n<p>Asimismo, inform\u00f3 que para precautelar la seguridad e integridad de los estudiantes y profesores que asisten a las unidades educativas cercanas a la zona Cristo Redentor, la Polic\u00eda Boliviana desplegar\u00e1 personal, solo con fines de apoyar a los escolares para que retornen a sus hogares.<\/p>\n\n\n\n<p>Consider\u00f3 que el cabildo, convocado en la rotonda del Cristo Redentor, \u201ctiene tintes pol\u00edticos\u201d y pretende destruir el departamento de Santa Cruz.<\/p>\n","protected":false},"excerpt":{"rendered":"<p>Las clases en el departamento de Santa Cruz este viernes son normales en los dos turnos, ma\u00f1ana y tarde, esta determinaci\u00f3n es de conocimiento de los pap\u00e1s y profesores, inform\u00f3 el viceministro de Educaci\u00f3n Regular, Bartolom\u00e9 Puma. \u201cA trav\u00e9s de la Direcci\u00f3n Departamental, directores distritales y unidades educativas de Santa Cruz, hemos lanzado comunicados informando que las actividades educativas son normales\u201d, indic\u00f3 el viceministro. Asimismo, inform\u00f3 que para precautelar la seguridad e integridad de los estudiantes y profesores que asisten a las unidades educativas cercanas a la zona Cristo Redentor, la Polic\u00eda Boliviana desplegar\u00e1 personal, solo con fines de apoyar<\/p>\n","protected":false},"author":2,"featured_media":28567,"comment_status":"closed","ping_status":"open","sticky":false,"template":"","format":"standard","meta":{"_seopress_robots_primary_cat":"none","_seopress_titles_title":"","_seopress_titles_desc":"","_seopress_robots_index":"","_jetpack_memberships_contains_paid_content":false,"footnotes":""},"categories":[103],"tags":[521,109,292,167,2145],"class_list":["post-28562","post","type-post","status-publish","format-standard","has-post-thumbnail","hentry","category-nacional","tag-bartolome-puma","tag-bolivia","tag-educacion","tag-santa-cruz","tag-viceministerio-de-educacion-regular"],"jetpack_featured_media_url":"https:\/\/elradar.info\/wp-content\/uploads\/2022\/09\/modulo-educativo-27-de-mayo-primaria-00.jpg","jetpack_sharing_enabled":true,"amp_enabled":true,"_links":{"self":[{"href":"https:\/\/elradar.info\/index.php?rest_route=\/wp\/v2\/posts\/28562","targetHints":{"allow":["GET"]}}],"collection":[{"href":"https:\/\/elradar.info\/index.php?rest_route=\/wp\/v2\/posts"}],"about":[{"href":"https:\/\/elradar.info\/index.php?rest_route=\/wp\/v2\/types\/post"}],"author":[{"embeddable":true,"href":"https:\/\/elradar.info\/index.php?rest_route=\/wp\/v2\/users\/2"}],"replies":[{"embeddable":true,"href":"https:\/\/elradar.info\/index.php?rest_route=%2Fwp%2Fv2%2Fcomments&post=28562"}],"version-history":[{"count":1,"href":"https:\/\/elradar.info\/index.php?rest_route=\/wp\/v2\/posts\/28562\/revisions"}],"predecessor-version":[{"id":28568,"href":"https:\/\/elradar.info\/index.php?rest_route=\/wp\/v2\/posts\/28562\/revisions\/28568"}],"wp:featuredmedia":[{"embeddable":true,"href":"https:\/\/elradar.info\/index.php?rest_route=\/wp\/v2\/media\/28567"}],"wp:attachment":[{"href":"https:\/\/elradar.info\/index.php?rest_route=%2Fwp%2Fv2%2Fmedia&parent=28562"}],"wp:term":[{"taxonomy":"category","embeddable":true,"href":"https:\/\/elradar.info\/index.php?rest_route=%2Fwp%2Fv2%2Fcategories&post=28562"},{"taxonomy":"post_tag","embeddable":true,"href":"https:\/\/elradar.info\/index.php?rest_route=%2Fwp%2Fv2%2Ftags&post=28562"}],"curies":[{"name":"wp","href":"https:\/\/api.w.org\/{rel}","templated":true}]}}