{"id":28573,"date":"2022-09-30T14:48:26","date_gmt":"2022-09-30T18:48:26","guid":{"rendered":"http:\/\/elradar.info\/?p=28573"},"modified":"2024-02-01T12:14:50","modified_gmt":"2024-02-01T16:14:50","slug":"lula-no-cambio-mi-dignidad-por-mi-libertad","status":"publish","type":"post","link":"https:\/\/elradar.info\/?p=28573","title":{"rendered":"<strong>Lula: \u201cNo cambio mi dignidad por mi libertad\u201d<\/strong>"},"content":{"rendered":"\n<p>Un d\u00eda como hoy, en 2019, el expresidente brasile\u00f1o y ahora candidato a la presidencia Luiz In\u00e1cio Lula da Silva, rechaz\u00f3 declararse culpable para acceder a la libertad condicional y as\u00ed salir de la prisi\u00f3n en la que se encontraba recluido.<\/p>\n\n\n\n<p><em>\u201cNo cambio mi dignidad por mi libertad. Lo que los fiscales del Lava Jato deber\u00edan hacer es pedir disculpas al pueblo brasile\u00f1o, a los millones de desempleados y a mi familia por el mal que le hicieron a la democracia, justicia y al pa\u00eds&#8221;<\/em>, manifest\u00f3 a trav\u00e9s de una carta.<\/p>\n\n\n\n<p>En el vecino pa\u00eds, las pr\u00f3ximas elecciones brasile\u00f1as se muestran muy re\u00f1idas entre Jair Bolsonaro y Lula, quienes sostuvieron un acalorado debate el d\u00eda de ayer:<\/p>\n\n\n\n<p>En su primera intervenci\u00f3n, Bolsonaro, acus\u00f3 a Lula (por el esc\u00e1ndalo de Petrobras) de haber sido el jefe de una \u201cpandilla\u201d de ladrones, durante los gobiernos de su Partido de los Trabajadores (PT) (2003-2016), incluso tach\u00e1ndolo de \u201cmentiroso\u201d y \u201ctraidor a la patria\u201d. Por su parte, Lula respondi\u00f3:<em> \u201cSi se viese en el espejo y supiese lo que pasa en su gobierno, lo que fue la pandilla de la vacuna\u201d<\/em>, haciendo referencia al desfalco en compras en el contexto de la pandemia de Covid 19.<\/p>\n\n\n\n<p>Por el momento, las encuestas perfilan a Lula como ganador, sin embargo, Bolsonaro parece haber subido sus cifras en los \u00faltimos d\u00edas.<\/p>\n","protected":false},"excerpt":{"rendered":"<p>Un d\u00eda como hoy, en 2019, el expresidente brasile\u00f1o y ahora candidato a la presidencia Luiz In\u00e1cio Lula da Silva, rechaz\u00f3 declararse culpable para acceder a la libertad condicional y as\u00ed salir de la prisi\u00f3n en la que se encontraba recluido. \u201cNo cambio mi dignidad por mi libertad. Lo que los fiscales del Lava Jato deber\u00edan hacer es pedir disculpas al pueblo brasile\u00f1o, a los millones de desempleados y a mi familia por el mal que le hicieron a la democracia, justicia y al pa\u00eds&#8221;, manifest\u00f3 a trav\u00e9s de una carta. En el vecino pa\u00eds, las pr\u00f3ximas elecciones brasile\u00f1as se<\/p>\n","protected":false},"author":2,"featured_media":28575,"comment_status":"closed","ping_status":"open","sticky":false,"template":"","format":"standard","meta":{"_seopress_robots_primary_cat":"none","_seopress_titles_title":"","_seopress_titles_desc":"","_seopress_robots_index":"","_jetpack_memberships_contains_paid_content":false,"footnotes":""},"categories":[107],"tags":[440,977,4360,2888,980,1671],"class_list":["post-28573","post","type-post","status-publish","format-standard","has-post-thumbnail","hentry","category-internacional","tag-440","tag-brasil","tag-culpabilidad","tag-libertad-condicional","tag-luiz-inacio-lula-da-silva","tag-renuncia"],"jetpack_featured_media_url":"https:\/\/elradar.info\/wp-content\/uploads\/2022\/09\/5fa535e4dd5da.jpeg","jetpack_sharing_enabled":true,"amp_enabled":true,"_links":{"self":[{"href":"https:\/\/elradar.info\/index.php?rest_route=\/wp\/v2\/posts\/28573","targetHints":{"allow":["GET"]}}],"collection":[{"href":"https:\/\/elradar.info\/index.php?rest_route=\/wp\/v2\/posts"}],"about":[{"href":"https:\/\/elradar.info\/index.php?rest_route=\/wp\/v2\/types\/post"}],"author":[{"embeddable":true,"href":"https:\/\/elradar.info\/index.php?rest_route=\/wp\/v2\/users\/2"}],"replies":[{"embeddable":true,"href":"https:\/\/elradar.info\/index.php?rest_route=%2Fwp%2Fv2%2Fcomments&post=28573"}],"version-history":[{"count":1,"href":"https:\/\/elradar.info\/index.php?rest_route=\/wp\/v2\/posts\/28573\/revisions"}],"predecessor-version":[{"id":28576,"href":"https:\/\/elradar.info\/index.php?rest_route=\/wp\/v2\/posts\/28573\/revisions\/28576"}],"wp:featuredmedia":[{"embeddable":true,"href":"https:\/\/elradar.info\/index.php?rest_route=\/wp\/v2\/media\/28575"}],"wp:attachment":[{"href":"https:\/\/elradar.info\/index.php?rest_route=%2Fwp%2Fv2%2Fmedia&parent=28573"}],"wp:term":[{"taxonomy":"category","embeddable":true,"href":"https:\/\/elradar.info\/index.php?rest_route=%2Fwp%2Fv2%2Fcategories&post=28573"},{"taxonomy":"post_tag","embeddable":true,"href":"https:\/\/elradar.info\/index.php?rest_route=%2Fwp%2Fv2%2Ftags&post=28573"}],"curies":[{"name":"wp","href":"https:\/\/api.w.org\/{rel}","templated":true}]}}