{"id":28819,"date":"2022-10-06T10:54:20","date_gmt":"2022-10-06T14:54:20","guid":{"rendered":"http:\/\/elradar.info\/?p=28819"},"modified":"2024-02-01T12:14:46","modified_gmt":"2024-02-01T16:14:46","slug":"v-feria-internacional-potosi-bolivia-2022","status":"publish","type":"post","link":"https:\/\/elradar.info\/?p=28819","title":{"rendered":"<strong>V Feria Internacional Potos\u00ed-Bolivia 2022&nbsp;<\/strong>"},"content":{"rendered":"\n<p>El presidente de la C\u00e1mara de Senadores, Andr\u00f3nico Rodr\u00edguez, estuvo presente en el lanzamiento de la quinta Feria Internacional Potos\u00ed Bolivia 2022 (FEIPOBOL), que se desarrollar\u00e1 del 4 al 13 de noviembre, la autoridad destac\u00f3 la iniciativa de los empresarios privados del departamento de Potos\u00ed.&nbsp;<\/p>\n\n\n\n<p>La FEIPOBOL es uno de los principales escenarios para dinamizar la econom\u00eda regional, a trav\u00e9s de la organizaci\u00f3n de eventos de promoci\u00f3n econ\u00f3mica productiva, tur\u00edstica social y cultural, que contribuye al desarrollo departamental, brindando servicios integrales con recursos adecuados y competentes, a trav\u00e9s de la planificaci\u00f3n, promoci\u00f3n y ejecuci\u00f3n de actividades empresariales.<\/p>\n\n\n\n<p>El gerente de la Federaci\u00f3n de Empresarios Privados de Potos\u00ed, Romer Guti\u00e9rrez, indic\u00f3 que la feria naci\u00f3 hace cinco a\u00f1os con el prop\u00f3sito de apoyar a los productores del departamento y fomentar a los emprendedores, empresarios, productores y artesanos en Potos\u00ed y Bolivia. Expres\u00f3 que uno de sus prop\u00f3sitos es internacionalizar la feria.<\/p>\n\n\n\n<figure class=\"wp-block-gallery has-nested-images columns-default is-cropped wp-block-gallery-1 is-layout-flex wp-block-gallery-is-layout-flex\">\n<figure class=\"wp-block-image size-large\"><img loading=\"lazy\" decoding=\"async\" width=\"1024\" height=\"842\" data-id=\"28821\" src=\"https:\/\/elradar.info\/wp-content\/uploads\/2022\/10\/310647708_645614290461257_1560128982740723686_n-1024x842.jpg\" alt=\"\" class=\"wp-image-28821\" srcset=\"https:\/\/elradar.info\/wp-content\/uploads\/2022\/10\/310647708_645614290461257_1560128982740723686_n-1024x842.jpg 1024w, https:\/\/elradar.info\/wp-content\/uploads\/2022\/10\/310647708_645614290461257_1560128982740723686_n-300x247.jpg 300w, https:\/\/elradar.info\/wp-content\/uploads\/2022\/10\/310647708_645614290461257_1560128982740723686_n-768x631.jpg 768w, https:\/\/elradar.info\/wp-content\/uploads\/2022\/10\/310647708_645614290461257_1560128982740723686_n-480x395.jpg 480w, https:\/\/elradar.info\/wp-content\/uploads\/2022\/10\/310647708_645614290461257_1560128982740723686_n.jpg 1080w\" sizes=\"auto, (max-width: 1024px) 100vw, 1024px\" \/><\/figure>\n\n\n\n<figure class=\"wp-block-image size-large\"><img loading=\"lazy\" decoding=\"async\" width=\"960\" height=\"639\" data-id=\"28822\" src=\"https:\/\/elradar.info\/wp-content\/uploads\/2022\/10\/311152725_645613997127953_6386355129358849553_n.jpg\" alt=\"\" class=\"wp-image-28822\" srcset=\"https:\/\/elradar.info\/wp-content\/uploads\/2022\/10\/311152725_645613997127953_6386355129358849553_n.jpg 960w, https:\/\/elradar.info\/wp-content\/uploads\/2022\/10\/311152725_645613997127953_6386355129358849553_n-300x200.jpg 300w, https:\/\/elradar.info\/wp-content\/uploads\/2022\/10\/311152725_645613997127953_6386355129358849553_n-768x511.jpg 768w, https:\/\/elradar.info\/wp-content\/uploads\/2022\/10\/311152725_645613997127953_6386355129358849553_n-720x480.jpg 720w, https:\/\/elradar.info\/wp-content\/uploads\/2022\/10\/311152725_645613997127953_6386355129358849553_n-480x320.jpg 480w\" sizes=\"auto, (max-width: 960px) 100vw, 960px\" \/><\/figure>\n<\/figure>\n","protected":false},"excerpt":{"rendered":"<p>El presidente de la C\u00e1mara de Senadores, Andr\u00f3nico Rodr\u00edguez, estuvo presente en el lanzamiento de la quinta Feria Internacional Potos\u00ed Bolivia 2022 (FEIPOBOL), que se desarrollar\u00e1 del 4 al 13 de noviembre, la autoridad destac\u00f3 la iniciativa de los empresarios privados del departamento de Potos\u00ed.&nbsp; La FEIPOBOL es uno de los principales escenarios para dinamizar la econom\u00eda regional, a trav\u00e9s de la organizaci\u00f3n de eventos de promoci\u00f3n econ\u00f3mica productiva, tur\u00edstica social y cultural, que contribuye al desarrollo departamental, brindando servicios integrales con recursos adecuados y competentes, a trav\u00e9s de la planificaci\u00f3n, promoci\u00f3n y ejecuci\u00f3n de actividades empresariales. El gerente de<\/p>\n","protected":false},"author":2,"featured_media":28823,"comment_status":"closed","ping_status":"open","sticky":false,"template":"","format":"standard","meta":{"_seopress_robots_primary_cat":"none","_seopress_titles_title":"","_seopress_titles_desc":"","_seopress_robots_index":"","_jetpack_memberships_contains_paid_content":false,"footnotes":""},"categories":[103],"tags":[1027,109,4530,4529,4528,878,4531],"class_list":["post-28819","post","type-post","status-publish","format-standard","has-post-thumbnail","hentry","category-nacional","tag-andronico-rodriguez","tag-bolivia","tag-federacion-de-empresarios-privados-de-potosi","tag-feipobol","tag-feria-internacional","tag-potosi","tag-romer-gutierrez"],"jetpack_featured_media_url":"https:\/\/elradar.info\/wp-content\/uploads\/2022\/10\/310960806_513162500624468_5559274381336392120_n.jpg","jetpack_sharing_enabled":true,"amp_enabled":true,"_links":{"self":[{"href":"https:\/\/elradar.info\/index.php?rest_route=\/wp\/v2\/posts\/28819","targetHints":{"allow":["GET"]}}],"collection":[{"href":"https:\/\/elradar.info\/index.php?rest_route=\/wp\/v2\/posts"}],"about":[{"href":"https:\/\/elradar.info\/index.php?rest_route=\/wp\/v2\/types\/post"}],"author":[{"embeddable":true,"href":"https:\/\/elradar.info\/index.php?rest_route=\/wp\/v2\/users\/2"}],"replies":[{"embeddable":true,"href":"https:\/\/elradar.info\/index.php?rest_route=%2Fwp%2Fv2%2Fcomments&post=28819"}],"version-history":[{"count":1,"href":"https:\/\/elradar.info\/index.php?rest_route=\/wp\/v2\/posts\/28819\/revisions"}],"predecessor-version":[{"id":28824,"href":"https:\/\/elradar.info\/index.php?rest_route=\/wp\/v2\/posts\/28819\/revisions\/28824"}],"wp:featuredmedia":[{"embeddable":true,"href":"https:\/\/elradar.info\/index.php?rest_route=\/wp\/v2\/media\/28823"}],"wp:attachment":[{"href":"https:\/\/elradar.info\/index.php?rest_route=%2Fwp%2Fv2%2Fmedia&parent=28819"}],"wp:term":[{"taxonomy":"category","embeddable":true,"href":"https:\/\/elradar.info\/index.php?rest_route=%2Fwp%2Fv2%2Fcategories&post=28819"},{"taxonomy":"post_tag","embeddable":true,"href":"https:\/\/elradar.info\/index.php?rest_route=%2Fwp%2Fv2%2Ftags&post=28819"}],"curies":[{"name":"wp","href":"https:\/\/api.w.org\/{rel}","templated":true}]}}