{"id":28829,"date":"2022-10-06T11:16:13","date_gmt":"2022-10-06T15:16:13","guid":{"rendered":"http:\/\/elradar.info\/?p=28829"},"modified":"2024-02-01T12:14:45","modified_gmt":"2024-02-01T16:14:45","slug":"inicia-en-totora-el-festival-nacional-de-piano","status":"publish","type":"post","link":"https:\/\/elradar.info\/?p=28829","title":{"rendered":"<strong>Inicia en Totora el Festival Nacional de Piano<\/strong>"},"content":{"rendered":"\n<p>Hoy comienza la XIX edici\u00f3n del Festival Nacional de Piano Hern\u00e1n Rivera Unzueta, que se extender\u00e1 hasta el domingo 9 de octubre, en el municipio de Totora. Los espacios en los que se desarrollar\u00e1 el festival ser\u00e1n la Casa de la Cultura Augusto Guzm\u00e1n, el sal\u00f3n del profesor Hern\u00e1n Rivera Unzueta, y el sal\u00f3n hotel Villa Eva.<\/p>\n\n\n\n<p><em>&#8220;Se lo realiza de manera simult\u00e1nea en la Casa de la Cultura, en el teatro de Totora y en algunas casas que ese d\u00eda se ambientan como peque\u00f1os teatros para que los diferentes maestros pudieran dar sus conciertos&#8221;<\/em>, explic\u00f3 la directora de Culturas de la Gobernaci\u00f3n de Cochabamba, Luz Ordo\u00f1ez.<\/p>\n\n\n\n<p>Totora, una ciudad que fue conocida como \u201cLa peque\u00f1a Par\u00eds\u201d, se caracteriz\u00f3 por su nutrida producci\u00f3n cultural, la misma que era para el disfrute de los lugare\u00f1os y tambi\u00e9n de los visitantes que se alojaban en los tres grandes hoteles que all\u00ed se encontraban: hotel Rivera, hotel Uni\u00f3n, y hotel Oriental, los mismos que pose\u00edan las mismas comodidades de aquellos ubicados en las grandes ciudades.<\/p>\n\n\n\n<p>Es as\u00ed que el maestro y emprendedor Hern\u00e1n Rivera Unzueta decidi\u00f3 en 2003 intentar revivir las glorias pasadas del pueblo y, celebrando su cumplea\u00f1os n\u00famero 73, en agosto de 2003, inici\u00f3 el Festival Nacional de Piano, que hoy cumple ya 19 a\u00f1os. Durante este tiempo m\u00e1s de dos mil pianistas nacionales e internacionales se presentaron en esa localidad.<\/p>\n\n\n\n<p>Nuestros lectores interesados en asistir a las presentaciones pueden acceder al programa a trav\u00e9s de este enlace:<\/p>\n\n\n\n<p><a href=\"https:\/\/www.facebook.com\/FestipianoTotora\/posts\/pfbid032EZKL5E3HJcF68uuefcFyMGzkGZ1djT2ZXJ66cuNgraF6tqyiAhsraFdJSXFXuEHl\">https:\/\/www.facebook.com\/FestipianoTotora\/posts\/pfbid032EZKL5E3HJcF68uuefcFyMGzkGZ1djT2ZXJ66cuNgraF6tqyiAhsraFdJSXFXuEHl<\/a><\/p>\n","protected":false},"excerpt":{"rendered":"<p>Hoy comienza la XIX edici\u00f3n del Festival Nacional de Piano Hern\u00e1n Rivera Unzueta, que se extender\u00e1 hasta el domingo 9 de octubre, en el municipio de Totora. Los espacios en los que se desarrollar\u00e1 el festival ser\u00e1n la Casa de la Cultura Augusto Guzm\u00e1n, el sal\u00f3n del profesor Hern\u00e1n Rivera Unzueta, y el sal\u00f3n hotel Villa Eva. &#8220;Se lo realiza de manera simult\u00e1nea en la Casa de la Cultura, en el teatro de Totora y en algunas casas que ese d\u00eda se ambientan como peque\u00f1os teatros para que los diferentes maestros pudieran dar sus conciertos&#8221;, explic\u00f3 la directora de Culturas<\/p>\n","protected":false},"author":2,"featured_media":28831,"comment_status":"closed","ping_status":"open","sticky":false,"template":"","format":"standard","meta":{"_seopress_robots_primary_cat":"none","_seopress_titles_title":"","_seopress_titles_desc":"","_seopress_robots_index":"","_jetpack_memberships_contains_paid_content":false,"footnotes":""},"categories":[127,103],"tags":[109,4534,313,141,4533,293,4536,4535,4532],"class_list":["post-28829","post","type-post","status-publish","format-standard","has-post-thumbnail","hentry","category-cultura","category-nacional","tag-bolivia","tag-casa-de-la-cultura-augusto-guzman","tag-cochabamba","tag-cultura","tag-festival-nacional-de-piano-hernan-rivera-unzueta","tag-la-paz","tag-luz-ordonez","tag-salon-hotel-villa-eva","tag-totora"],"jetpack_featured_media_url":"https:\/\/elradar.info\/wp-content\/uploads\/2022\/10\/WhatsApp-Image-2022-10-06-at-10.53.50.jpeg","jetpack_sharing_enabled":true,"amp_enabled":true,"_links":{"self":[{"href":"https:\/\/elradar.info\/index.php?rest_route=\/wp\/v2\/posts\/28829","targetHints":{"allow":["GET"]}}],"collection":[{"href":"https:\/\/elradar.info\/index.php?rest_route=\/wp\/v2\/posts"}],"about":[{"href":"https:\/\/elradar.info\/index.php?rest_route=\/wp\/v2\/types\/post"}],"author":[{"embeddable":true,"href":"https:\/\/elradar.info\/index.php?rest_route=\/wp\/v2\/users\/2"}],"replies":[{"embeddable":true,"href":"https:\/\/elradar.info\/index.php?rest_route=%2Fwp%2Fv2%2Fcomments&post=28829"}],"version-history":[{"count":1,"href":"https:\/\/elradar.info\/index.php?rest_route=\/wp\/v2\/posts\/28829\/revisions"}],"predecessor-version":[{"id":28832,"href":"https:\/\/elradar.info\/index.php?rest_route=\/wp\/v2\/posts\/28829\/revisions\/28832"}],"wp:featuredmedia":[{"embeddable":true,"href":"https:\/\/elradar.info\/index.php?rest_route=\/wp\/v2\/media\/28831"}],"wp:attachment":[{"href":"https:\/\/elradar.info\/index.php?rest_route=%2Fwp%2Fv2%2Fmedia&parent=28829"}],"wp:term":[{"taxonomy":"category","embeddable":true,"href":"https:\/\/elradar.info\/index.php?rest_route=%2Fwp%2Fv2%2Fcategories&post=28829"},{"taxonomy":"post_tag","embeddable":true,"href":"https:\/\/elradar.info\/index.php?rest_route=%2Fwp%2Fv2%2Ftags&post=28829"}],"curies":[{"name":"wp","href":"https:\/\/api.w.org\/{rel}","templated":true}]}}