{"id":28881,"date":"2022-10-06T17:13:16","date_gmt":"2022-10-06T21:13:16","guid":{"rendered":"http:\/\/elradar.info\/?p=28881"},"modified":"2024-02-01T12:14:45","modified_gmt":"2024-02-01T16:14:45","slug":"ministro-gonzales-afirma-que-el-valor-de-la-papa-se-normalizara","status":"publish","type":"post","link":"https:\/\/elradar.info\/?p=28881","title":{"rendered":"<strong>Ministro Gonz\u00e1les afirma que el valor de la papa se normalizar\u00e1<\/strong>"},"content":{"rendered":"\n<p>El ministro de Desarrollo Rural y Tierras, Remmy Gonzales, inform\u00f3 que el retraso en las siembras por falta de fertilizantes y la escasez de lluvias afectaron el abastecimiento y el precio normal de la papa en el mercado interno. Anunci\u00f3 que en las siguientes semanas el proceso se regularizar\u00e1. Sostuvo que como pa\u00eds productor la normalizaci\u00f3n pasar\u00e1 porque se garantizar\u00e1 la cosecha del producto.<\/p>\n\n\n\n<p><em>\u201cEl problema del desequilibrio es temporal, porque tambi\u00e9n ya va a salir la papa de la miska, que se ha sembrado con nuestros programas. Tambi\u00e9n vamos a aplicar un fuerte apoyo a los programas del Gobierno para no depender de algunos vol\u00famenes que ingresan de otros pa\u00edses habitualmente\u201d<\/em>, manifest\u00f3.<\/p>\n\n\n\n<p>Dijo que el conflicto entre Rusia y Ucrania afect\u00f3 a pa\u00edses vecinos que no pudieron proveerse de fertilizantes, lo que ocasion\u00f3 tambi\u00e9n una baja producci\u00f3n de papa, que es la que importa el pa\u00eds. <em>\u201cEsto gener\u00f3 un desequilibrio en el abastecimiento regular\u201d<\/em>, agreg\u00f3.<\/p>\n\n\n\n<p>Asegur\u00f3 que estas condiciones son aprovechadas por los denominados \u201cranqueros\u201d, que van a los campos de producci\u00f3n, compran la papa y elevan los precios al consumidor final. <em>\u201cEs por esto que desde esa cartera de Estado estamos buscando el beneficio para el productor, pero tambi\u00e9n del comprador con un precio justo\u201d<\/em>, destac\u00f3.<\/p>\n","protected":false},"excerpt":{"rendered":"<p>El ministro de Desarrollo Rural y Tierras, Remmy Gonzales, inform\u00f3 que el retraso en las siembras por falta de fertilizantes y la escasez de lluvias afectaron el abastecimiento y el precio normal de la papa en el mercado interno. Anunci\u00f3 que en las siguientes semanas el proceso se regularizar\u00e1. Sostuvo que como pa\u00eds productor la normalizaci\u00f3n pasar\u00e1 porque se garantizar\u00e1 la cosecha del producto. \u201cEl problema del desequilibrio es temporal, porque tambi\u00e9n ya va a salir la papa de la miska, que se ha sembrado con nuestros programas. Tambi\u00e9n vamos a aplicar un fuerte apoyo a los programas del Gobierno<\/p>\n","protected":false},"author":2,"featured_media":28883,"comment_status":"closed","ping_status":"open","sticky":false,"template":"","format":"standard","meta":{"_seopress_robots_primary_cat":"none","_seopress_titles_title":"","_seopress_titles_desc":"","_seopress_robots_index":"","_jetpack_memberships_contains_paid_content":false,"footnotes":""},"categories":[200,103],"tags":[109,708,1380,4560,4561,1800],"class_list":["post-28881","post","type-post","status-publish","format-standard","has-post-thumbnail","hentry","category-economia","category-nacional","tag-bolivia","tag-gobierno-nacional","tag-ministerio-de-desarrollo-rural-y-tierras","tag-papa","tag-precio","tag-remmy-gonzales"],"jetpack_featured_media_url":"https:\/\/elradar.info\/wp-content\/uploads\/2022\/10\/310919716_513026560832135_3542726114942757135_n.jpg","jetpack_sharing_enabled":true,"amp_enabled":true,"_links":{"self":[{"href":"https:\/\/elradar.info\/index.php?rest_route=\/wp\/v2\/posts\/28881","targetHints":{"allow":["GET"]}}],"collection":[{"href":"https:\/\/elradar.info\/index.php?rest_route=\/wp\/v2\/posts"}],"about":[{"href":"https:\/\/elradar.info\/index.php?rest_route=\/wp\/v2\/types\/post"}],"author":[{"embeddable":true,"href":"https:\/\/elradar.info\/index.php?rest_route=\/wp\/v2\/users\/2"}],"replies":[{"embeddable":true,"href":"https:\/\/elradar.info\/index.php?rest_route=%2Fwp%2Fv2%2Fcomments&post=28881"}],"version-history":[{"count":1,"href":"https:\/\/elradar.info\/index.php?rest_route=\/wp\/v2\/posts\/28881\/revisions"}],"predecessor-version":[{"id":28884,"href":"https:\/\/elradar.info\/index.php?rest_route=\/wp\/v2\/posts\/28881\/revisions\/28884"}],"wp:featuredmedia":[{"embeddable":true,"href":"https:\/\/elradar.info\/index.php?rest_route=\/wp\/v2\/media\/28883"}],"wp:attachment":[{"href":"https:\/\/elradar.info\/index.php?rest_route=%2Fwp%2Fv2%2Fmedia&parent=28881"}],"wp:term":[{"taxonomy":"category","embeddable":true,"href":"https:\/\/elradar.info\/index.php?rest_route=%2Fwp%2Fv2%2Fcategories&post=28881"},{"taxonomy":"post_tag","embeddable":true,"href":"https:\/\/elradar.info\/index.php?rest_route=%2Fwp%2Fv2%2Ftags&post=28881"}],"curies":[{"name":"wp","href":"https:\/\/api.w.org\/{rel}","templated":true}]}}