{"id":28891,"date":"2022-10-07T11:00:37","date_gmt":"2022-10-07T15:00:37","guid":{"rendered":"http:\/\/elradar.info\/?p=28891"},"modified":"2024-02-01T12:14:44","modified_gmt":"2024-02-01T16:14:44","slug":"conamype-rechaza-el-paro-en-santa-cruz","status":"publish","type":"post","link":"https:\/\/elradar.info\/?p=28891","title":{"rendered":"<strong>CONAMYPE rechaza el paro en Santa Cruz<\/strong>"},"content":{"rendered":"\n<p>Varios sectores se han manifestado en contra del paro anunciado por Luis Fernando Camacho y el Comit\u00e9 C\u00edvico en el cabildo cruce\u00f1o, uno de ellos es la Confederaci\u00f3n Nacional de la Micro y Peque\u00f1a Empresa (CONAMYPE), la misma que se manifest\u00f3 a trav\u00e9s de su presidente F\u00e9lix Huaycho:<\/p>\n\n\n\n<p><em>\u201cRechazamos categ\u00f3ricamente cualquier movilizaci\u00f3n que pueda haber, pedimos al Comit\u00e9 C\u00edvico de Santa Cruz, la Gobernaci\u00f3n y poblaci\u00f3n cruce\u00f1a no lleguemos a este extremo, lo \u00fanico que vamos a cosechar es m\u00e1s crisis\u201d<\/em>, expres\u00f3.<\/p>\n\n\n\n<p>Huaycho argument\u00f3 que el momento no es propicio por la profunda crisis econ\u00f3mica de la que Santa Cruz se encuentra saliendo luego de los conflictos pol\u00edticos de 2019 y la posterior pandemia de Covid 19, motivo por el cual iniciar un paro indefinido afectar\u00eda la ya deprimida econom\u00eda de los sectores m\u00e1s pobres.<\/p>\n\n\n\n<p><em>\u201cVimos que las empresas grandes, el Parque Industrial, el Latinoamericano trabajan normalmente, ellos no paran, sin embargo, la poblaci\u00f3n es perjudicada, los micro y peque\u00f1os empresarios, los comercios peque\u00f1os; en ese sentido decirles vayamos a un di\u00e1logo\u201d<\/em>, afirm\u00f3 el dirigente.<\/p>\n\n\n\n<p>Asimismo, critic\u00f3 al gobernador Luis Fernando Camacho, quien estar\u00eda m\u00e1s enfocado en la pol\u00edtica dejando de lado las obras para el departamento y el apoyo a los peque\u00f1os y micro empresarios.<\/p>\n","protected":false},"excerpt":{"rendered":"<p>Varios sectores se han manifestado en contra del paro anunciado por Luis Fernando Camacho y el Comit\u00e9 C\u00edvico en el cabildo cruce\u00f1o, uno de ellos es la Confederaci\u00f3n Nacional de la Micro y Peque\u00f1a Empresa (CONAMYPE), la misma que se manifest\u00f3 a trav\u00e9s de su presidente F\u00e9lix Huaycho: \u201cRechazamos categ\u00f3ricamente cualquier movilizaci\u00f3n que pueda haber, pedimos al Comit\u00e9 C\u00edvico de Santa Cruz, la Gobernaci\u00f3n y poblaci\u00f3n cruce\u00f1a no lleguemos a este extremo, lo \u00fanico que vamos a cosechar es m\u00e1s crisis\u201d, expres\u00f3. Huaycho argument\u00f3 que el momento no es propicio por la profunda crisis econ\u00f3mica de la que Santa Cruz<\/p>\n","protected":false},"author":2,"featured_media":28895,"comment_status":"closed","ping_status":"open","sticky":false,"template":"","format":"standard","meta":{"_seopress_robots_primary_cat":"none","_seopress_titles_title":"","_seopress_titles_desc":"","_seopress_robots_index":"","_jetpack_memberships_contains_paid_content":false,"footnotes":""},"categories":[200,103],"tags":[109,394,4565,4566,474,4567,235,2410,167],"class_list":["post-28891","post","type-post","status-publish","format-standard","has-post-thumbnail","hentry","category-economia","category-nacional","tag-bolivia","tag-comite-civico-pro-santa-cruz","tag-conamype","tag-confederacion-nacional-de-la-micro-y-pequena-empresa","tag-covid-19","tag-felix-huaycho","tag-luis-fernando-camacho","tag-rechazo","tag-santa-cruz"],"jetpack_featured_media_url":"https:\/\/elradar.info\/wp-content\/uploads\/2022\/10\/mypes.jpg","jetpack_sharing_enabled":true,"amp_enabled":true,"_links":{"self":[{"href":"https:\/\/elradar.info\/index.php?rest_route=\/wp\/v2\/posts\/28891","targetHints":{"allow":["GET"]}}],"collection":[{"href":"https:\/\/elradar.info\/index.php?rest_route=\/wp\/v2\/posts"}],"about":[{"href":"https:\/\/elradar.info\/index.php?rest_route=\/wp\/v2\/types\/post"}],"author":[{"embeddable":true,"href":"https:\/\/elradar.info\/index.php?rest_route=\/wp\/v2\/users\/2"}],"replies":[{"embeddable":true,"href":"https:\/\/elradar.info\/index.php?rest_route=%2Fwp%2Fv2%2Fcomments&post=28891"}],"version-history":[{"count":1,"href":"https:\/\/elradar.info\/index.php?rest_route=\/wp\/v2\/posts\/28891\/revisions"}],"predecessor-version":[{"id":28894,"href":"https:\/\/elradar.info\/index.php?rest_route=\/wp\/v2\/posts\/28891\/revisions\/28894"}],"wp:featuredmedia":[{"embeddable":true,"href":"https:\/\/elradar.info\/index.php?rest_route=\/wp\/v2\/media\/28895"}],"wp:attachment":[{"href":"https:\/\/elradar.info\/index.php?rest_route=%2Fwp%2Fv2%2Fmedia&parent=28891"}],"wp:term":[{"taxonomy":"category","embeddable":true,"href":"https:\/\/elradar.info\/index.php?rest_route=%2Fwp%2Fv2%2Fcategories&post=28891"},{"taxonomy":"post_tag","embeddable":true,"href":"https:\/\/elradar.info\/index.php?rest_route=%2Fwp%2Fv2%2Ftags&post=28891"}],"curies":[{"name":"wp","href":"https:\/\/api.w.org\/{rel}","templated":true}]}}