{"id":28979,"date":"2022-10-10T12:27:22","date_gmt":"2022-10-10T16:27:22","guid":{"rendered":"http:\/\/elradar.info\/?p=28979"},"modified":"2024-02-01T12:14:43","modified_gmt":"2024-02-01T16:14:43","slug":"califican-como-exitosa-la-feria-de-la-papa-en-la-ciudad-de-la-paz-donde-se-comercializo-mas-de-800-quintales-del-producto","status":"publish","type":"post","link":"https:\/\/elradar.info\/?p=28979","title":{"rendered":"<strong>Califican como exitosa la feria de la papa en la ciudad de La Paz donde se comercializ\u00f3 m\u00e1s de 800 quintales del producto<\/strong>"},"content":{"rendered":"\n<p>Con una oferta variada y precios que van de Bs 55 a Bs 30 la arroba, se inici\u00f3 este s\u00e1bado, en la plaza San Francisco de La Paz desde las 08:00 hasta las 16:00, la Feria de la papa con una importante demanda de las amas de casa.<\/p>\n\n\n\n<p>La Feria de la papa, organizada por el Ministerio de Desarrollo Rural, tiene el objetivo de facilitar la adquisici\u00f3n del producto de forma directa del productor, para contrarrestar el incremento estacional del precio.<\/p>\n\n\n\n<p>El viceministro de Desarrollo Rural y Agropecuario, \u00c1lvaro Mollinedo, inform\u00f3 que cuatro camiones cargados con 800 quintales de papa llegaron de diferentes municipios productores y que la feria fue exitosa pues hubo bastante demanda de la poblaci\u00f3n.<\/p>\n\n\n\n<p>En la feria se ofert\u00f3 una variedad de papas desde Bs 55 hasta Bs 50, aunque tambi\u00e9n variedad que est\u00e1n entre Bs 30 y Bs 40. Participaron productores de Morochata, Inquisivi y Cairoma del departamento de La Paz.<\/p>\n","protected":false},"excerpt":{"rendered":"<p>Con una oferta variada y precios que van de Bs 55 a Bs 30 la arroba, se inici\u00f3 este s\u00e1bado, en la plaza San Francisco de La Paz desde las 08:00 hasta las 16:00, la Feria de la papa con una importante demanda de las amas de casa. La Feria de la papa, organizada por el Ministerio de Desarrollo Rural, tiene el objetivo de facilitar la adquisici\u00f3n del producto de forma directa del productor, para contrarrestar el incremento estacional del precio. El viceministro de Desarrollo Rural y Agropecuario, \u00c1lvaro Mollinedo, inform\u00f3 que cuatro camiones cargados con 800 quintales de papa<\/p>\n","protected":false},"author":2,"featured_media":28981,"comment_status":"closed","ping_status":"open","sticky":false,"template":"","format":"standard","meta":{"_seopress_robots_primary_cat":"none","_seopress_titles_title":"","_seopress_titles_desc":"","_seopress_robots_index":"","_jetpack_memberships_contains_paid_content":false,"footnotes":""},"categories":[200,103],"tags":[4604,109,4523,293,1380,4524],"class_list":["post-28979","post","type-post","status-publish","format-standard","has-post-thumbnail","hentry","category-economia","category-nacional","tag-alvaro-mollinedo","tag-bolivia","tag-feria-de-la-papa","tag-la-paz","tag-ministerio-de-desarrollo-rural-y-tierras","tag-plaza-san-francisco"],"jetpack_featured_media_url":"https:\/\/elradar.info\/wp-content\/uploads\/2022\/10\/1676831088.jpg","jetpack_sharing_enabled":true,"amp_enabled":true,"_links":{"self":[{"href":"https:\/\/elradar.info\/index.php?rest_route=\/wp\/v2\/posts\/28979","targetHints":{"allow":["GET"]}}],"collection":[{"href":"https:\/\/elradar.info\/index.php?rest_route=\/wp\/v2\/posts"}],"about":[{"href":"https:\/\/elradar.info\/index.php?rest_route=\/wp\/v2\/types\/post"}],"author":[{"embeddable":true,"href":"https:\/\/elradar.info\/index.php?rest_route=\/wp\/v2\/users\/2"}],"replies":[{"embeddable":true,"href":"https:\/\/elradar.info\/index.php?rest_route=%2Fwp%2Fv2%2Fcomments&post=28979"}],"version-history":[{"count":1,"href":"https:\/\/elradar.info\/index.php?rest_route=\/wp\/v2\/posts\/28979\/revisions"}],"predecessor-version":[{"id":28982,"href":"https:\/\/elradar.info\/index.php?rest_route=\/wp\/v2\/posts\/28979\/revisions\/28982"}],"wp:featuredmedia":[{"embeddable":true,"href":"https:\/\/elradar.info\/index.php?rest_route=\/wp\/v2\/media\/28981"}],"wp:attachment":[{"href":"https:\/\/elradar.info\/index.php?rest_route=%2Fwp%2Fv2%2Fmedia&parent=28979"}],"wp:term":[{"taxonomy":"category","embeddable":true,"href":"https:\/\/elradar.info\/index.php?rest_route=%2Fwp%2Fv2%2Fcategories&post=28979"},{"taxonomy":"post_tag","embeddable":true,"href":"https:\/\/elradar.info\/index.php?rest_route=%2Fwp%2Fv2%2Ftags&post=28979"}],"curies":[{"name":"wp","href":"https:\/\/api.w.org\/{rel}","templated":true}]}}